{"id":310535,"date":"2025-08-11T00:55:14","date_gmt":"2025-08-11T00:55:14","guid":{"rendered":"https:\/\/www.europesays.com\/fr\/310535\/"},"modified":"2025-08-11T00:55:14","modified_gmt":"2025-08-11T00:55:14","slug":"occupation-de-gaza-par-israel-face-aux-protestations-netanyahou-oppose-les-mensonges-du-hamas","status":"publish","type":"post","link":"https:\/\/www.europesays.com\/fr\/310535\/","title":{"rendered":"Occupation de Gaza par Isra\u00ebl\u00a0: face aux protestations, Netanyahou oppose \u00ab\u00a0les mensonges du Hamas\u00a0\u00bb"},"content":{"rendered":"<p>Quand une machine de guerre se met en marche, elle est accompagn\u00e9e d\u2019une autre machine. De propagande celle-l\u00e0. Le premier ministre isra\u00e9lien, Benyamin Netanyahou, a donc d\u00e9cid\u00e9 de convoquer la presse en deux temps. D\u2019abord, ce dimanche 10\u00a0ao\u00fbt, en d\u00e9but d\u2019apr\u00e8s-midi, les m\u00e9dias \u00e9trangers puis, en d\u00e9but de soir\u00e9e, isra\u00e9liens.<\/p>\n<p>Dans son intervention d\u2019ouverture, sur un ton calme et qu\u2019il voulait didactique, il a d\u2019abord expliqu\u00e9 que \u00ab\u00a0la v\u00e9rit\u00e9 est que le Hamas compte des milliers de terroristes arm\u00e9s \u00e0 Gaza, et que l\u2019organisation veut r\u00e9p\u00e9ter les atrocit\u00e9s du 7\u00a0Octobre, encore et encore. Le Hamas asservit les Gazaouis, vole de la nourriture et tire sur ceux qui tentent de traverser vers des zones s\u00fbres. Les Gazaouis nous supplient (sic), ainsi que le monde entier, de nous lib\u00e9rer et de lib\u00e9rer Gaza du Hamas. Aucun gouvernement ne permettrait un gouvernement g\u00e9nocidaire \u00e0 Gaza, et notre objectif n\u2019est pas d\u2019occuper Gaza, mais de la lib\u00e9rer des terroristes du&#8230;<\/p>\n","protected":false},"excerpt":{"rendered":"Quand une machine de guerre se met en marche, elle est accompagn\u00e9e d\u2019une autre machine. De propagande celle-l\u00e0.&hellip;\n","protected":false},"author":2,"featured_media":310536,"comment_status":"","ping_status":"","sticky":false,"template":"","format":"standard","meta":{"footnotes":""},"categories":[2],"tags":[11,952,1011,27,15130,12,25],"class_list":{"0":"post-310535","1":"post","2":"type-post","3":"status-publish","4":"format-standard","5":"has-post-thumbnail","7":"category-actualites","8":"tag-actualites","9":"tag-benyamin-netanyahou","10":"tag-fr","11":"tag-france","12":"tag-guerre-u00e0-gaza","13":"tag-news","14":"tag-republique-francaise"},"share_on_mastodon":{"url":"https:\/\/pubeurope.com\/@fr\/115007411059682448","error":""},"_links":{"self":[{"href":"https:\/\/www.europesays.com\/fr\/wp-json\/wp\/v2\/posts\/310535","targetHints":{"allow":["GET"]}}],"collection":[{"href":"https:\/\/www.europesays.com\/fr\/wp-json\/wp\/v2\/posts"}],"about":[{"href":"https:\/\/www.europesays.com\/fr\/wp-json\/wp\/v2\/types\/post"}],"author":[{"embeddable":true,"href":"https:\/\/www.europesays.com\/fr\/wp-json\/wp\/v2\/users\/2"}],"replies":[{"embeddable":true,"href":"https:\/\/www.europesays.com\/fr\/wp-json\/wp\/v2\/comments?post=310535"}],"version-history":[{"count":0,"href":"https:\/\/www.europesays.com\/fr\/wp-json\/wp\/v2\/posts\/310535\/revisions"}],"wp:featuredmedia":[{"embeddable":true,"href":"https:\/\/www.europesays.com\/fr\/wp-json\/wp\/v2\/media\/310536"}],"wp:attachment":[{"href":"https:\/\/www.europesays.com\/fr\/wp-json\/wp\/v2\/media?parent=310535"}],"wp:term":[{"taxonomy":"category","embeddable":true,"href":"https:\/\/www.europesays.com\/fr\/wp-json\/wp\/v2\/categories?post=310535"},{"taxonomy":"post_tag","embeddable":true,"href":"https:\/\/www.europesays.com\/fr\/wp-json\/wp\/v2\/tags?post=310535"}],"curies":[{"name":"wp","href":"https:\/\/api.w.org\/{rel}","templated":true}]}}