{"id":310543,"date":"2025-08-11T01:00:17","date_gmt":"2025-08-11T01:00:17","guid":{"rendered":"https:\/\/www.europesays.com\/fr\/310543\/"},"modified":"2025-08-11T01:00:17","modified_gmt":"2025-08-11T01:00:17","slug":"resultat-clara-tauson-ajla-tomljanovic-wta-1000-cincinnati-deuxieme-tour-dimanche-10-aout-2025-lequipe","status":"publish","type":"post","link":"https:\/\/www.europesays.com\/fr\/310543\/","title":{"rendered":"R\u00e9sultat : Clara Tauson &#8211; Ajla Tomljanovic, WTA 1000, Cincinnati, Deuxi\u00e8me tour, Dimanche 10 ao\u00fbt 2025 &#8211; L&#039;\u00c9quipe"},"content":{"rendered":"<ol>\n<li><a href=\"https:\/\/news.google.com\/rss\/articles\/CBMixgFBVV95cUxPd0VLeFMzaEdQVFQxbGdFYk9fTU9LYTZtY0FndXV2bWRWME5TQUI1aE9lcHRzV3NwUkVjVjhLbHk4VHhhOHZ0aEF2WXpVMDVXWHo4bFF3MWNja2RKTzVjQkRDNlc0ekQxa25WQUFSN1VFN01WNWJnYnctYmxQM256Y2s2alF5N0lOZXMwZTN1YmRsazYxeW9lSV9JWVktYkZ0bHAya2NPa3RWWmhDV1dGcEpVYUdHdFVGVmhBUzk2V1o5RkczWXc?oc=5\" target=\"_blank\" rel=\"nofollow noopener\">R\u00e9sultat : Clara Tauson &#8211; Ajla Tomljanovic, WTA 1000, Cincinnati, Deuxi\u00e8me tour, Dimanche 10 ao\u00fbt 2025<\/a>&nbsp;&nbsp;L&rsquo;\u00c9quipe<\/li>\n<li><a href=\"https:\/\/news.google.com\/rss\/articles\/CBMivwFBVV95cUxNaS0wRmE3cmVXOTJpeUhNbFhBV18xSTBYbmMxN2RpQXQwUEpZUmdFbkd1UXZkMDhTVkxQbWlST0EzYkJSNDB2NG83OENzQl84M0RPWG13N2ZiOFpTQ1c0cmtPRUpRNHlCdlAxS01YNkhvaVBNc3ZXVG5xWl92eVdaNTVsY1FnY0YybEN2MGRta3ozVENZZXAxbXA4WmpjSUNjbWN5eXRQckwwUnJHTWkwZEdVdkdEak1OUmdoX0hsdw?oc=5\" target=\"_blank\" rel=\"nofollow noopener\">R\u00e9sultat : Emma Navarro &#8211; Ella Seidel, WTA 1000, Cincinnati, Deuxi\u00e8me tour, Dimanche 10 ao\u00fbt 2025<\/a>&nbsp;&nbsp;L&rsquo;\u00c9quipe<\/li>\n<li><a href=\"https:\/\/news.google.com\/rss\/articles\/CBMirAFBVV95cUxOSTZxemJESjNDMXJyZzVpLXRHWHk0VTVrTGhMMXFMZEJiRmZRR1BkSEd4dnByX1ZUdDhNM0lMOENJcFI0bjA1WEsydVdXN05QZTVxTGhBZVVtbHBwZFRSSzhVcmxQLTNKdzJHYnFKOFJEajRpRjJrVXk1XzVpUGdDSkRRTl9uM0g5czFzSDZLUjdjRGxTRkV5QUU3OFp0MGFCazQwS0ZPMjBsNzhy?oc=5\" target=\"_blank\" rel=\"nofollow noopener\">Cincinnati &#8211; Swiatek facile pour son entr\u00e9e en lice<\/a>&nbsp;&nbsp;Orange Actualit\u00e9s | Sports<\/li>\n<li><a href=\"https:\/\/news.google.com\/rss\/articles\/CBMiigFBVV95cUxPQU05SjFpWGhQUlc5U3g5MFJOX1kxRFBiSXZpdksyaDlZWUZmZEo1R21UTkNud2NWRy1NWnk2bkZ1MmhHVEMyTktadjRQaHRGWE1GbHN6RHdGRjNPUWl6SUM0anpDcnMtY3BpSlRndFlGNjRpX2Fzd3BOcVJtTDdSek9hbG1idExxWnc?oc=5\" target=\"_blank\" rel=\"nofollow noopener\">R\u00e9sultats Clara Tauson &#8211; Ajla Tomljanovic 2025<\/a>&nbsp;&nbsp;RueDesJoueurs<\/li>\n<li><a href=\"https:\/\/news.google.com\/rss\/articles\/CBMiswFBVV95cUxPUHkwbEhMUVY3aG9UcUJzczhWMlVMeDF1NjdaSkZianYxWWJSSmRsNUk4TDF0cU9hc29sZGwzQTJ4bTNpeG1sQ0RPV1V1MFpXSWdRb2w0M0x1QkFBM0lJbjFRWFVlZnFnRjdQSDRSdTF6WXVsMWVpbnN1aWpHLUdDSDlKLVJCSzRNZEg3aHRUVXpNeG9IMUp4MjJlcDJYbDVXaFFHOVhoZjVSUjdsdi1xLWtjaw?oc=5\" target=\"_blank\" rel=\"nofollow noopener\">Cincinnati &#8211; Marta Kostyuk forfait, Iga Swiatek qualifi\u00e9e au 4e tour<\/a>&nbsp;&nbsp;Tennis Actu<\/li>\n<\/ol>\n","protected":false},"excerpt":{"rendered":"R\u00e9sultat : Clara Tauson &#8211; Ajla Tomljanovic, WTA 1000, Cincinnati, Deuxi\u00e8me tour, Dimanche 10 ao\u00fbt 2025&nbsp;&nbsp;L&rsquo;\u00c9quipe R\u00e9sultat :&hellip;\n","protected":false},"author":2,"featured_media":1983,"comment_status":"","ping_status":"","sticky":false,"template":"","format":"standard","meta":{"footnotes":""},"categories":[1415],"tags":[1011,27,60,1467],"class_list":{"0":"post-310543","1":"post","2":"type-post","3":"status-publish","4":"format-standard","5":"has-post-thumbnail","7":"category-tennis","8":"tag-fr","9":"tag-france","10":"tag-sports","11":"tag-tennis"},"share_on_mastodon":{"url":"https:\/\/pubeurope.com\/@fr\/115007430503547580","error":""},"_links":{"self":[{"href":"https:\/\/www.europesays.com\/fr\/wp-json\/wp\/v2\/posts\/310543","targetHints":{"allow":["GET"]}}],"collection":[{"href":"https:\/\/www.europesays.com\/fr\/wp-json\/wp\/v2\/posts"}],"about":[{"href":"https:\/\/www.europesays.com\/fr\/wp-json\/wp\/v2\/types\/post"}],"author":[{"embeddable":true,"href":"https:\/\/www.europesays.com\/fr\/wp-json\/wp\/v2\/users\/2"}],"replies":[{"embeddable":true,"href":"https:\/\/www.europesays.com\/fr\/wp-json\/wp\/v2\/comments?post=310543"}],"version-history":[{"count":0,"href":"https:\/\/www.europesays.com\/fr\/wp-json\/wp\/v2\/posts\/310543\/revisions"}],"wp:featuredmedia":[{"embeddable":true,"href":"https:\/\/www.europesays.com\/fr\/wp-json\/wp\/v2\/media\/1983"}],"wp:attachment":[{"href":"https:\/\/www.europesays.com\/fr\/wp-json\/wp\/v2\/media?parent=310543"}],"wp:term":[{"taxonomy":"category","embeddable":true,"href":"https:\/\/www.europesays.com\/fr\/wp-json\/wp\/v2\/categories?post=310543"},{"taxonomy":"post_tag","embeddable":true,"href":"https:\/\/www.europesays.com\/fr\/wp-json\/wp\/v2\/tags?post=310543"}],"curies":[{"name":"wp","href":"https:\/\/api.w.org\/{rel}","templated":true}]}}