{"id":310548,"date":"2025-08-11T01:04:11","date_gmt":"2025-08-11T01:04:11","guid":{"rendered":"https:\/\/www.europesays.com\/fr\/310548\/"},"modified":"2025-08-11T01:04:11","modified_gmt":"2025-08-11T01:04:11","slug":"les-resultats-officiels-de-la-course","status":"publish","type":"post","link":"https:\/\/www.europesays.com\/fr\/310548\/","title":{"rendered":"les r\u00e9sultats officiels de la course"},"content":{"rendered":"<p>Andr\u00e9s Ardila (Nu Colombia) inscrit son nom au palmar\u00e8s de la 74e \u00e9dition du Tour cycliste de Guadeloupe. Le Colombien r\u00e9gulier sur toute l&rsquo;\u00e9preuve a marqu\u00e9 les esprits lors des 2 \u00e9tapes de montagne. Ce dimanche 10 ao\u00fbt, c&rsquo;est Paul Daumont qui s&rsquo;impose au sprint, lors de la 9e \u00e9tape, \u00e0 Baie-Mahault. Le Burkinab\u00e8 signe ainsi sa 2e victoire sur le Tour.<\/p>\n<p>\n\t\t\t\t                        Yasmina Yacou<br \/>\n            \t\t\t\t\u2022<\/p>\n<p>            Publi\u00e9 le 10 ao\u00fbt 2025 \u00e0 18h32,<br \/>\n                 mis \u00e0 jour le 10 ao\u00fbt 2025 \u00e0 19h25<\/p>\n<p>La derni\u00e8re \u00e9tape du Tour cycliste de Guadeloupe r\u00e9serve invariablement son lot de rebondissements et de spectacle, et cette \u00e9dition n\u2019a pas d\u00e9rog\u00e9 \u00e0 la r\u00e8gle.<\/p>\n<p>Ce dimanche 10 ao\u00fbt, pas question de parade ou de coupe de champagne comme sur le Tour de France. Les \u00e9carts au classement et les tactiques des diff\u00e9rentes \u00e9quipes ont anim\u00e9 une course disput\u00e9e jusqu\u2019aux derniers kilom\u00e8tres.<\/p>\n<p>D\u00e8s le coup d&rsquo;envoi de l&rsquo;\u00e9tape, les Polonais ont cadenass\u00e9 le peloton, n&rsquo;autorisant personne \u00e0 le quitter.\u00a0<\/p>\n<p>Ce n&rsquo;est qu&rsquo;\u00e0 l&rsquo;entr\u00e9e du circuit, \u00e0 Baie-Mahault qu&rsquo;un groupe r\u00e9ussit \u00e0 partir. Benjamin Le Ny (CCD), K\u00e9ran Barolin (GSC), Fendley Boyeau (CSCA), Jules Lanclume (JCA), Konrad Czabok (Pologne), Heiko Homrigausen (Embrace the world) caracolent en t\u00eate quelques instants. Car, le peloton est d\u00e9j\u00e0 sur leurs talons&#8230;<\/p>\n<p>Le Ny insiste et refait le trou en compagnie de Barolin et Luikasz Owsian (Pologne). Ils r\u00e9ussissent \u00e0 faire le trou et se portent \u00e0 35 secondes du peloton. Ils sont bient\u00f4t rejoints par Lo\u00efc Laviolette (Excelsior), J\u00e9r\u00e9my Deloumeaux (JCA) et Yona D\u00e9sir\u00e9e (PDC). La Guadeloupe se prend alors \u00e0 r\u00eaver d&rsquo;une victoire sur cette derni\u00e8re \u00e9tape.\u00a0<\/p>\n<p>Mais, au kilom\u00e8tre 106, D\u00e9sir\u00e9e l\u00e2che prise&#8230;Puis c&rsquo;est au tour de Barolin.\u00a0<\/p>\n<p>\u00c0 l&rsquo;arri\u00e8re, ce sont les Polonais qui tractent le peloton, qui se rapproche.\u00a0<\/p>\n<p>Fatigu\u00e9 des efforts r\u00e9alis\u00e9s les tours pr\u00e9c\u00e9dents, Le Ny se rel\u00e8ve et est aval\u00e9 par le peloton. C&rsquo;est \u00e0 ce moment que Quentin Nativel (ACVPB) et Cyril Bourdon (GSC) d\u00e9cident de prendre le large et de retrouver les 3 hommes encore \u00e9chapp\u00e9s.\u00a0<\/p>\n<p>Suivent Luidjy Horn (JCA) et trois coureurs du VCS. Les Saintannais ont anim\u00e9 le d\u00e9but de cette \u00e9tape, se portant \u00e0 l&rsquo;avant, \u00e0 plusieurs reprises, sans succ\u00e8s. Nouvel essai&#8230; Ils sont deux \u00e0 rejoindre la t\u00eate de course : K\u00e9lian Duro et Youri Marguerite.<\/p>\n<p>Mais le dernier tour de circuit approche ainsi que le peloton \u00e0 14 secondes.\u00a0<\/p>\n<p>Ils sont finalement repris&#8230; Si un temps, Horn et Owsian font de la r\u00e9sistance, bient\u00f4t accompagn\u00e9s de Kevin Le Cunff (TMCBE) et Sonny Cadet (Martinique), c&rsquo;est tout le peloton qui se dirige vers l&rsquo;arriv\u00e9e.\u00a0<\/p>\n<p>Commencent alors les grandes man\u0153uvres&#8230; Les sprinters se placent progressivement, emmen\u00e9s par leurs co\u00e9quipiers.\u00a0<\/p>\n<p>Dans la derni\u00e8re ligne droite, la bataille fait rage. Et \u00e0 ce petit jeu de rapidit\u00e9, c&rsquo;est le Burkinab\u00e8 du Guidon sprinter canalien, Paul Daumont qui l&#8217;emporte, devant le Vend\u00e9en Lucas Mainguenaud. Alexis Caresmel (TMCBE) prend la 3e place.<\/p>\n<p>C&rsquo;est la 2e victoire d&rsquo;\u00e9tape de <a href=\"https:\/\/la1ere.franceinfo.fr\/guadeloupe\/classement-tour-de-guadeloupe-2025-resultats-de-la-7-eme-etape-et-point-sur-le-classement-general-1612101.html\" target=\"_blank\" rel=\"noopener nofollow\">Paul Daumont, apr\u00e8s son succ\u00e8s au Moule, vendredi<\/a>.<\/p>\n<p>Loin de l&rsquo;effervescence du sprint, Andr\u00e9s Ardila (Nu Colombia) passe, \u00e0 son tour la ligne. Il vient d&rsquo;inscrire son nom \u00e0 la 74e \u00e9dition du Tour cycliste de Guadeloupe.<\/p>\n<p>(R\u00e9action \u00e0 venir)<\/p>\n<p>\u00c7a y est, le Tour de Guadeloupe est termin\u00e9. Le public dit au revoir \u00e0 plusieurs coureurs embl\u00e9matiques du peloton. Est-ce d\u00e9finitif ? Ils disent que oui&#8230; K\u00e9ran Barolin (GSC), K\u00e9lian Duro (VCS) ou Jules Lanclume (JCA) ont annonc\u00e9 qu&rsquo;il s&rsquo;agissait de leur dernier tour.\u00a0<\/p>\n<p>                                    <img class=\"a-article__image lazy libre\" width=\"800\" height=\"450\" data-src=\"https:\/\/www.europesays.com\/fr\/wp-content\/uploads\/2025\/08\/whatsapp-image-2025-08-10-at-16-31-36-6899184b20eb6587894088.jpg\" style=\"--img-placeholder: url('\/assets\/img\/placeholders\/article-800-450.svg');\" alt=\"Dernier Tour cycliste de Guadeloupe pour K\u00e9ran Barolin (GSC), au centre, \u00e0 l'arriv\u00e9e de la 9e \u00e9tape, \u00e0 Baie-Mahault, dimanche 10 ao\u00fbt 2025\" aria-hidden=\"true\"\/><\/p>\n<p>                Dernier Tour cycliste de Guadeloupe pour K\u00e9ran Barolin (GSC), au centre, \u00e0 l&rsquo;arriv\u00e9e de la 9e \u00e9tape, \u00e0 Baie-Mahault, dimanche 10 ao\u00fbt 2025<br \/>\n                     \u2022<br \/>\n                            \u00a9Kelyan Nazarin &#8211; Guadeloupe La 1\u00e8re<\/p>\n<p>Classements \u00e0 l&rsquo;issue de la 9e \u00e9tape du Tour cycliste de Guadeloupe 2025 :<\/p>\n","protected":false},"excerpt":{"rendered":"Andr\u00e9s Ardila (Nu Colombia) inscrit son nom au palmar\u00e8s de la 74e \u00e9dition du Tour cycliste de Guadeloupe.&hellip;\n","protected":false},"author":2,"featured_media":310549,"comment_status":"","ping_status":"","sticky":false,"template":"","format":"standard","meta":{"footnotes":""},"categories":[1411],"tags":[1154,207,1011,27,60],"class_list":{"0":"post-310548","1":"post","2":"type-post","3":"status-publish","4":"format-standard","5":"has-post-thumbnail","7":"category-cyclisme","8":"tag-cycling","9":"tag-cyclisme","10":"tag-fr","11":"tag-france","12":"tag-sports"},"share_on_mastodon":{"url":"https:\/\/pubeurope.com\/@fr\/115007446311025667","error":""},"_links":{"self":[{"href":"https:\/\/www.europesays.com\/fr\/wp-json\/wp\/v2\/posts\/310548","targetHints":{"allow":["GET"]}}],"collection":[{"href":"https:\/\/www.europesays.com\/fr\/wp-json\/wp\/v2\/posts"}],"about":[{"href":"https:\/\/www.europesays.com\/fr\/wp-json\/wp\/v2\/types\/post"}],"author":[{"embeddable":true,"href":"https:\/\/www.europesays.com\/fr\/wp-json\/wp\/v2\/users\/2"}],"replies":[{"embeddable":true,"href":"https:\/\/www.europesays.com\/fr\/wp-json\/wp\/v2\/comments?post=310548"}],"version-history":[{"count":0,"href":"https:\/\/www.europesays.com\/fr\/wp-json\/wp\/v2\/posts\/310548\/revisions"}],"wp:featuredmedia":[{"embeddable":true,"href":"https:\/\/www.europesays.com\/fr\/wp-json\/wp\/v2\/media\/310549"}],"wp:attachment":[{"href":"https:\/\/www.europesays.com\/fr\/wp-json\/wp\/v2\/media?parent=310548"}],"wp:term":[{"taxonomy":"category","embeddable":true,"href":"https:\/\/www.europesays.com\/fr\/wp-json\/wp\/v2\/categories?post=310548"},{"taxonomy":"post_tag","embeddable":true,"href":"https:\/\/www.europesays.com\/fr\/wp-json\/wp\/v2\/tags?post=310548"}],"curies":[{"name":"wp","href":"https:\/\/api.w.org\/{rel}","templated":true}]}}