{"id":310558,"date":"2025-08-11T01:09:17","date_gmt":"2025-08-11T01:09:17","guid":{"rendered":"https:\/\/www.europesays.com\/fr\/310558\/"},"modified":"2025-08-11T01:09:17","modified_gmt":"2025-08-11T01:09:17","slug":"une-saison-3-de-la-serie-italienne-est-elle-prevue","status":"publish","type":"post","link":"https:\/\/www.europesays.com\/fr\/310558\/","title":{"rendered":"une saison 3 de la s\u00e9rie italienne est-elle pr\u00e9vue ?"},"content":{"rendered":"<p lang=\"FR-FR\" paraeid=\"{4bc10a2c-d4df-47ac-9268-3d541158e975}{194}\" paraid=\"1857581121\" xml:lang=\"FR-FR\">Avis \u00e0 ceux qui l\u2019avaient manqu\u00e9e en ao\u00fbt 2020. Depuis la semaine derni\u00e8re, <a href=\"https:\/\/www.diverto.tv\/programme-tv\/chaine\/france-3\" rel=\"nofollow noopener\" target=\"_blank\">France 3<\/a> rediffuse Le silence de l\u2019eau, une <a href=\"https:\/\/www.diverto.tv\/actualites\/series\/5-series-italiennes-a-decouvrir\" rel=\"nofollow noopener\" target=\"_blank\">s\u00e9rie italienne<\/a> nomm\u00e9e Il silenzio dell&rsquo;acqua en version originale. Cr\u00e9\u00e9 par Jean Ludwigg et Leonardo Valenti, r\u00e9alis\u00e9 par Pier Belloni, ce thriller raconte la disparition de Laura, une adolescente de seize ans qui dispara\u00eet myst\u00e9rieusement dans le paisible village maritime de Castel Marciano, \u00e0 c\u00f4t\u00e9 de Trieste, au nord-est de l\u2019Italie. Le commissaire adjoint Andrea Baldini (Giorgio Pasotti) m\u00e8ne l\u2019enqu\u00eate, assist\u00e9 de sa coll\u00e8gue Luisa Ferrari (Ambra Angiolini) et de l\u2019inspecteur Dino Marinelli (Claudio Castrogiovanni). Peu \u00e0 peu, des secrets sombres dissimul\u00e9s par les habitants refont surface.\u00a0<\/p>\n<p lang=\"FR-FR\" paraeid=\"{2cfbec80-7758-46f0-a595-f8134435c980}{126}\" paraid=\"1130142290\" xml:lang=\"FR-FR\">Ce dimanche 10 ao\u00fbt 2025, la cha\u00eene publique proposera \u00e0 ses t\u00e9l\u00e9spectateurs \u00e0 partir de 21h10 les quatre \u00e9pisodes qui composent la saison 2 du polar. Luisa et Andrea reviennent dans la commune pour \u00e9lucider un nouveau drame, les morts suspectes de la m\u00e8re et du fr\u00e8re d\u2019une petite fille, Giulia Liverani. Que s\u2019est-il r\u00e9ellement pass\u00e9 ? Le p\u00e8re de la fillette, Rocco, qui \u00e9tait en pleine s\u00e9paration avec son \u00e9pouse, est-il coupable, comme tout le monde semble le penser ? Mais alors que la conclusion de ce deuxi\u00e8me chapitre s\u2019ach\u00e8ve sur une trag\u00e9die, une suite est-elle en pr\u00e9paration ? Pour l\u2019instant, malgr\u00e9 l&rsquo;engouement qu\u2019a rencontr\u00e9 Le silence de l\u2019eau, aucune confirmation officielle n\u2019a \u00e9t\u00e9 donn\u00e9e depuis la fin de cet opus, diffus\u00e9 le 16 d\u00e9cembre 2020 sur la cha\u00eene italienne Canale 5.\u00a0<\/p>\n<p>Une \u00ab\u00a0lueur d\u2019espoir pour Andrea et Luisa\u00a0\u00bb\u00a0<\/p>\n<p lang=\"FR-FR\" paraeid=\"{3ff9869b-323f-49ab-8283-1fbbc6ce4aab}{129}\" paraid=\"654744010\" xml:lang=\"FR-FR\">Un signe encourageant s&rsquo;\u00e9tait pourtant dessin\u00e9 avec la prise de parole de Leonardo Valenti, co-sc\u00e9nariste de la s\u00e9rie, le 22 d\u00e9cembre 2020 sur son compte Instagram. Il avait publi\u00e9 un extrait du projet de la saison 3, signe qu\u2019il \u00e9tait pr\u00eat \u00e0 continuer la s\u00e9rie mais qu\u2019il attendait le feu vert du groupe t\u00e9l\u00e9visuel Mediaset. \u00ab\u00a0Nous vous avons laiss\u00e9s avec un gros point d\u2019interrogation, c\u2019est vrai, \u00e9crivait-il en l\u00e9gende en r\u00e9f\u00e9rence \u00e0 la fin frustrante du final. Ce n\u2019est pas une r\u00e9ponse formelle, mais la preuve que, nous, sc\u00e9naristes, avons une r\u00e9ponse. Ce que vous voyez est un extrait du document de conception de la saison 3 [&#8230;], une lueur d\u2019espoir pour Andrea et Luisa.\u00a0\u00bb Mais plus de quatre ans plus tard, l\u2019histoire semble bel et bien finie pour <a href=\"https:\/\/www.diverto.tv\/actualites\/series\/le-silence-de-leau-de-quoi-parle-la-serie-italienne-ce-soir-sur-france-3\" rel=\"nofollow noopener\" target=\"_blank\">Le silence de l\u2019eau<\/a>.\u00a0<\/p>\n<blockquote class=\"instagram-media\" data-instgrm-captioned=\"\" data-instgrm-permalink=\"https:\/\/www.instagram.com\/p\/CJG8s5psHd9\/?utm_source=ig_embed&amp;utm_campaign=loading\" data-instgrm-version=\"14\" style=\" background:#FFF; border:0; border-radius:3px; box-shadow:0 0 1px 0 rgba(0,0,0,0.5),0 1px 10px 0 rgba(0,0,0,0.15); margin: 1px; max-width:540px; min-width:326px; padding:0; width:99.375%; width:-webkit-calc(100% - 2px); width:calc(100% - 2px);\"\/><p> <script async src=\"\/\/www.instagram.com\/embed.js\"><\/script><\/p>\n","protected":false},"excerpt":{"rendered":"Avis \u00e0 ceux qui l\u2019avaient manqu\u00e9e en ao\u00fbt 2020. Depuis la semaine derni\u00e8re, France 3 rediffuse Le silence&hellip;\n","protected":false},"author":2,"featured_media":310559,"comment_status":"","ping_status":"","sticky":false,"template":"","format":"standard","meta":{"footnotes":""},"categories":[1356],"tags":[58,59,1011,27,252,1364],"class_list":{"0":"post-310558","1":"post","2":"type-post","3":"status-publish","4":"format-standard","5":"has-post-thumbnail","7":"category-television","8":"tag-divertissement","9":"tag-entertainment","10":"tag-fr","11":"tag-france","12":"tag-television","13":"tag-tv"},"share_on_mastodon":{"url":"https:\/\/pubeurope.com\/@fr\/115007466213910013","error":""},"_links":{"self":[{"href":"https:\/\/www.europesays.com\/fr\/wp-json\/wp\/v2\/posts\/310558","targetHints":{"allow":["GET"]}}],"collection":[{"href":"https:\/\/www.europesays.com\/fr\/wp-json\/wp\/v2\/posts"}],"about":[{"href":"https:\/\/www.europesays.com\/fr\/wp-json\/wp\/v2\/types\/post"}],"author":[{"embeddable":true,"href":"https:\/\/www.europesays.com\/fr\/wp-json\/wp\/v2\/users\/2"}],"replies":[{"embeddable":true,"href":"https:\/\/www.europesays.com\/fr\/wp-json\/wp\/v2\/comments?post=310558"}],"version-history":[{"count":0,"href":"https:\/\/www.europesays.com\/fr\/wp-json\/wp\/v2\/posts\/310558\/revisions"}],"wp:featuredmedia":[{"embeddable":true,"href":"https:\/\/www.europesays.com\/fr\/wp-json\/wp\/v2\/media\/310559"}],"wp:attachment":[{"href":"https:\/\/www.europesays.com\/fr\/wp-json\/wp\/v2\/media?parent=310558"}],"wp:term":[{"taxonomy":"category","embeddable":true,"href":"https:\/\/www.europesays.com\/fr\/wp-json\/wp\/v2\/categories?post=310558"},{"taxonomy":"post_tag","embeddable":true,"href":"https:\/\/www.europesays.com\/fr\/wp-json\/wp\/v2\/tags?post=310558"}],"curies":[{"name":"wp","href":"https:\/\/api.w.org\/{rel}","templated":true}]}}