{"id":310560,"date":"2025-08-11T01:10:11","date_gmt":"2025-08-11T01:10:11","guid":{"rendered":"https:\/\/www.europesays.com\/fr\/310560\/"},"modified":"2025-08-11T01:10:11","modified_gmt":"2025-08-11T01:10:11","slug":"celine-dion-et-jean-jacques-goldman-une-nouvelle-collaboration-en-preparation","status":"publish","type":"post","link":"https:\/\/www.europesays.com\/fr\/310560\/","title":{"rendered":"C\u00e9line Dion et Jean-Jacques Goldman : une nouvelle collaboration en pr\u00e9paration ?"},"content":{"rendered":"<p>Avis aux fans du duo l\u00e9gendaire form\u00e9 par Jean-Jacques Goldman et C\u00e9line Dion ! Figures incontournables de la sc\u00e8ne musicale francophone, les deux artistes s&rsquo;appr\u00eateraient \u00e0 unir de nouveau leurs talents pour une collaboration surprise \u00e0 la rentr\u00e9e 2025. SFR Actus a men\u00e9 l&rsquo;enqu\u00eate et vous dit tout ce que l&rsquo;on sait sur ce projet inattendu.<\/p>\n<p>Le duo form\u00e9 par <a href=\"https:\/\/actus.sfr.fr\/divertissement\/musique\/celine-dion_DN-202410110007.html\" title=\"C\u00e9line Dion\" class=\"internal_link\" rel=\"nofollow noopener\" target=\"_blank\">C\u00e9line Dion<\/a> et <a href=\"https:\/\/actus.sfr.fr\/divertissement\/musique\/l-heritage-goldman-michael-jones-la-reprise-des-world-s-apart-c-etait-tres-mauvais_AN-202201240001.html\" title=\"L&#039;H\u00e9ritage Goldman - Michael Jones : &quot;La reprise des World&#039;s Apart, c&#039;\u00e9tait tr\u00e8s mauvais&quot;\" class=\"internal_link\" rel=\"nofollow noopener\" target=\"_blank\">Jean-Jacques Goldman <\/a>a sans aucun doute marqu\u00e9 l&rsquo;histoire de la musique. Leur premi\u00e8re rencontre, durant les ann\u00e9es 1990, est n\u00e9e d&rsquo;une volont\u00e9 de l&rsquo;auteur-compositeur et interpr\u00e8te fran\u00e7ais d&rsquo;\u00e9crire pour la jeune chanteuse d&rsquo;\u00e0 peine 26 ans \u00e0 l&rsquo;\u00e9poque. S&rsquo;ensuit une collaboration fructueuse qui donn\u00e9 naissance \u00e0 <a href=\"https:\/\/actus.sfr.fr\/divertissement\/musique\/concert-hommage-a-celine-retour-sur-la-genese-de-l-album-d-eux_AN-202309150003.html\" title=\"Concert hommage \u00e0 C\u00e9line : retour sur la gen\u00e8se de l&#039;album D&#039;eux\" class=\"internal_link\" rel=\"nofollow noopener\" target=\"_blank\">l&rsquo;album D&rsquo;eux<\/a> en 1995, devenu disque francophone le plus vendu au monde avec 12 millions d&rsquo;exemplaires. On y retrouve notamment l&rsquo;immense succ\u00e8s Pour que tu m&rsquo;aimes encore et le titre J&rsquo;irai o\u00f9 tu iras, devenus de v\u00e9ritables classiques du r\u00e9pertoire de C\u00e9line Dion. Jean-Jacques Goldman, d\u00e9j\u00e0 monument de la chanson fran\u00e7aise, a offert \u00e0 la <a href=\"https:\/\/actus.sfr.fr\/divertissement\/musique\/divas-pop_DN-201907300009.html\" title=\"Divas pop\" class=\"internal_link\" rel=\"nofollow noopener\" target=\"_blank\">diva<\/a> des chansons sur mesure exploitant toute la puissance et la sensibilit\u00e9 de sa voix.<\/p>\n<p>Leur travail commun a donn\u00e9 par la suite les albums S&rsquo;il suffisait d&rsquo;aimer, sorti en 1998, et Une fille et quatre types en 2003, qui continuent de bercer toute une g\u00e9n\u00e9ration. Apr\u00e8s plusieurs ann\u00e9es d&rsquo;absence de la sc\u00e8ne musicale pour Jean-Jacques Goldman, et une moindre pr\u00e9sence m\u00e9diatique pour <a href=\"https:\/\/actus.sfr.fr\/divertissement\/musique\/celine-dion-va-se-devoiler-dans-un-nouveau-documentaire-sur-prime-video_AN-202401310007.html\" title=\"C\u00e9line Dion se d\u00e9voile dans un nouveau documentaire sur Prime Video\" class=\"internal_link\" rel=\"nofollow noopener\" target=\"_blank\">C\u00e9line Dion li\u00e9e \u00e0 des soucis de sant\u00e9<\/a>, les deux ic\u00f4nes pr\u00e9pareraient ensemble de nouveaux titres pour le prochain album de la star qu\u00e9b\u00e9coise. Un retour artistique qui repr\u00e9senterait un \u00e9v\u00e9nement majeur dans le monde de la musique et qui ravirait leurs fans de la premi\u00e8re heure.<\/p>\n<p>Jean-Jacques Goldman et C\u00e9line Dion : bient\u00f4t le retour du duo culte ?<\/p>\n<p>Selon de r\u00e9centes r\u00e9v\u00e9lations de plusieurs m\u00e9dias, comme La Tribune ou Closer, <a href=\"https:\/\/actus.sfr.fr\/divertissement\/musique\/celine-dion-5-nouvelles-chansons-a-decouvrir-des-maintenant_AN-202305130004.html\" title=\"C\u00e9line Dion : 5 nouvelles chansons \u00e0 d\u00e9couvrir d\u00e8s maintenant\" class=\"internal_link\" rel=\"nofollow noopener\" target=\"_blank\">C\u00e9line Dion<\/a> aurait d\u00e9j\u00e0 commenc\u00e9 l&rsquo;enregistrement de son nouvel album, pr\u00e9vu en fran\u00e7ais pour la fin septembre 2025. Deux titres in\u00e9dits de cet opus seraient sign\u00e9s Jean-Jacques Goldman, officialisant la reformation du duo artistique dont la complicit\u00e9 n&rsquo;a jamais faibli. Il s&rsquo;agirait alors de leur premi\u00e8re collaboration importante depuis pr\u00e8s de dix ans.<\/p>\n<\/p>\n<p>L&rsquo;annonce du retour conjoint de C\u00e9line Dion et Jean-Jacques Goldman, alors que chacun semblait en retrait, sonne comme une formidable promesse de retrouvailles. Une collaboration inattendue, signe du poids de leur histoire commune, qui offrirait un nouveau souffle \u00e0 <a href=\"https:\/\/actus.sfr.fr\/divertissement\/musique\/chanson-francaise_DN-202312070006.html\" title=\"Chanson fran\u00e7aise\" class=\"internal_link\" rel=\"nofollow noopener\" target=\"_blank\">la chanson francophone<\/a>.<\/p>\n<p><a href=\"https:\/\/www.sfr.fr\/options\/deezerpremium#sfrintid=SFRACTUS_BS_article_jj_goldman_celine_dion_une_nouvelle_collaboration\" title=\"S&#039;abonner \u00e0 Deezer\" rel=\"nofollow noopener\" target=\"_blank\"><\/p>\n<p>S&rsquo;abonner \u00e0 Deezer<\/p>\n<p><\/a><\/p>\n<p><strong>En attendant la sortie potentielle de ce projet \u00e9v\u00e9nement en septembre prochain, (re)d\u00e9couvrez le meilleur de C\u00e9line Dion et Jean-Jacques Goldman, seuls ou en duo, sur <a href=\"https:\/\/actus.sfr.fr\/divertissement\/musique\/deezer_DN-202205020004.html\" title=\"Deezer\" class=\"internal_link\" rel=\"nofollow noopener\" target=\"_blank\">Deezer<\/a>.<\/strong><\/p>\n<p><strong>Sources : <\/strong><a href=\"https:\/\/mradio.fr\/news\/musique\/55215\/celine-dion-son-retour-avec-jean-jacques-goldman-approcherait-a-grands-pas\" target=\"_blank\" class=\"external_link\" rel=\"nofollow noopener\">Mradio<\/a>, <a href=\"https:\/\/www.public.fr\/celine-dion-et-jean-jacques-goldman-surprise-le-duo-se-reforme-enfin\" target=\"_blank\" class=\"external_link\" rel=\"nofollow noopener\">Closer<\/a>,<a href=\"https:\/\/www.latribune.fr\/la-tribune-dimanche\/culture-et-tendances\/musique\/pour-que-tu-m-aimes-encore-comment-une-chanson-a-scelle-l-histoire-d-amour-entre-celine-dion-et-les-francais-1030733.html\" target=\"_blank\" class=\"external_link\" rel=\"nofollow noopener\"> La Tribune<\/a><\/p>\n","protected":false},"excerpt":{"rendered":"Avis aux fans du duo l\u00e9gendaire form\u00e9 par Jean-Jacques Goldman et C\u00e9line Dion ! Figures incontournables de la&hellip;\n","protected":false},"author":2,"featured_media":310561,"comment_status":"","ping_status":"","sticky":false,"template":"","format":"standard","meta":{"footnotes":""},"categories":[1355],"tags":[58,59,1011,27,1361,873],"class_list":{"0":"post-310560","1":"post","2":"type-post","3":"status-publish","4":"format-standard","5":"has-post-thumbnail","7":"category-musique","8":"tag-divertissement","9":"tag-entertainment","10":"tag-fr","11":"tag-france","12":"tag-music","13":"tag-musique"},"share_on_mastodon":{"url":"https:\/\/pubeurope.com\/@fr\/115007469815353541","error":""},"_links":{"self":[{"href":"https:\/\/www.europesays.com\/fr\/wp-json\/wp\/v2\/posts\/310560","targetHints":{"allow":["GET"]}}],"collection":[{"href":"https:\/\/www.europesays.com\/fr\/wp-json\/wp\/v2\/posts"}],"about":[{"href":"https:\/\/www.europesays.com\/fr\/wp-json\/wp\/v2\/types\/post"}],"author":[{"embeddable":true,"href":"https:\/\/www.europesays.com\/fr\/wp-json\/wp\/v2\/users\/2"}],"replies":[{"embeddable":true,"href":"https:\/\/www.europesays.com\/fr\/wp-json\/wp\/v2\/comments?post=310560"}],"version-history":[{"count":0,"href":"https:\/\/www.europesays.com\/fr\/wp-json\/wp\/v2\/posts\/310560\/revisions"}],"wp:featuredmedia":[{"embeddable":true,"href":"https:\/\/www.europesays.com\/fr\/wp-json\/wp\/v2\/media\/310561"}],"wp:attachment":[{"href":"https:\/\/www.europesays.com\/fr\/wp-json\/wp\/v2\/media?parent=310560"}],"wp:term":[{"taxonomy":"category","embeddable":true,"href":"https:\/\/www.europesays.com\/fr\/wp-json\/wp\/v2\/categories?post=310560"},{"taxonomy":"post_tag","embeddable":true,"href":"https:\/\/www.europesays.com\/fr\/wp-json\/wp\/v2\/tags?post=310560"}],"curies":[{"name":"wp","href":"https:\/\/api.w.org\/{rel}","templated":true}]}}