{"id":31057,"date":"2025-04-17T06:51:10","date_gmt":"2025-04-17T06:51:10","guid":{"rendered":"https:\/\/www.europesays.com\/fr\/31057\/"},"modified":"2025-04-17T06:51:10","modified_gmt":"2025-04-17T06:51:10","slug":"en-bref-donnees-environnementales-a-consulter-sans-moderation-un-air-meilleur-en-ile-de-france","status":"publish","type":"post","link":"https:\/\/www.europesays.com\/fr\/31057\/","title":{"rendered":"En bref : donn\u00e9es environnementales \u00e0 consulter sans mod\u00e9ration ; un air meilleur en \u00cele-de-France"},"content":{"rendered":"<p>Environnement : Disclose Data, des donn\u00e9es \u00e0 consulter sans mod\u00e9ration ; un air meilleur en \u00cele-de-France ; <\/p>\n<p>Pour renforcer la transparence sur les projets industriels, agricoles ou routiers, le m\u00e9dia ind\u00e9pendant d\u2019investigation Disclose a cr\u00e9\u00e9 la plateforme <a href=\"https:\/\/disclose.ngo\/fr\/article\/disclose-data-un-outil-inedit-pour-lancer-lalerte-sur-lenvironnement\" target=\"_blank\" rel=\"noopener\">Disclose Data<\/a>, qui r\u00e9pertorie plus de 65\u00a0000\u00a0documents issus des autorit\u00e9s environnementales. Ces donn\u00e9es, bien souvent m\u00e9connues du grand public, sont pourtant <strong>essentielles<\/strong> pour \u00e9valuer l\u2019impact environnemental d\u2019un projet ou d\u2019un plan (plans locaux d\u2019urbanisme, de pr\u00e9vention des risques technologiques\u2026). \u00ab\u00a0Face aux coups de boutoir r\u00e9p\u00e9t\u00e9s contre la d\u00e9mocratie environnementale, Disclose Data se veut \u00eatre un outil de r\u00e9sistance\u00a0\u00bb, \u00e9crit l\u2019\u00e9quipe du m\u00e9dia. Ces donn\u00e9es devraient \u00e9galement \u00eatre utilis\u00e9es pour informer et encourager le d\u00e9bat citoyen. N\u2019h\u00e9sitez pas \u00e0 vous en emparer\u00a0!<\/p>\n<p><a href=\"https:\/\/www.europesays.com\/fr\/wp-content\/uploads\/2025\/04\/Capture-de\u0301cran-2025-04-16-a\u0300-15.06.45-1024x452.png\" class=\"zoom\"><img fetchpriority=\"high\" decoding=\"async\" width=\"1024\" height=\"452\" src=\"https:\/\/www.europesays.com\/fr\/wp-content\/uploads\/2025\/04\/Capture-de\u0301cran-2025-04-16-a\u0300-15.06.45-1024x452.png\" alt=\"\" class=\"wp-image-374425\"  \/><\/a><\/p>\n<p>L\u2019air est ( un peu) meilleur en \u00cele-de-France<\/p>\n<p>La pollution de l\u2019air dans la r\u00e9gion a \u00e9t\u00e9 <strong>divis\u00e9e par deux<\/strong> en vingt ans, selon une nouvelle \u00e9tude d\u2019Airparif. Ainsi, le nombre de d\u00e9c\u00e8s pr\u00e9matur\u00e9s li\u00e9s aux particules fines a diminu\u00e9 d\u2019un tiers entre\u00a02010 et\u00a02019. Pr\u00e8s des grands axes routiers, l\u2019air reste deux fois plus pollu\u00e9\u00a0: l\u2019ozone \u00e9mis par le trafic routier et les compos\u00e9s volatils des solvants et peintures ne diminuent pas.<\/p>\n<p>        <a href=\"https:\/\/www.politis.fr\/boutique\/\" target=\"_blank\" class=\"gt_abonnement\" rel=\"noopener\"><\/p>\n<p>            Recevez Politis chez vous chaque semaine !<\/p>\n<p>    <\/a><\/p>\n","protected":false},"excerpt":{"rendered":"Environnement : Disclose Data, des donn\u00e9es \u00e0 consulter sans mod\u00e9ration ; un air meilleur en \u00cele-de-France ; Pour&hellip;\n","protected":false},"author":2,"featured_media":31058,"comment_status":"","ping_status":"","sticky":false,"template":"","format":"standard","meta":{"footnotes":""},"categories":[1592],"tags":[1111,11,1777,674,1011,27,10625,662,10626,12,626,1800,25],"class_list":{"0":"post-31057","1":"post","2":"type-post","3":"status-publish","4":"format-standard","5":"has-post-thumbnail","7":"category-ile-de-france","8":"tag-actu","9":"tag-actualites","10":"tag-eu","11":"tag-europe","12":"tag-fr","13":"tag-france","14":"tag-grands-projets-inutiles","15":"tag-ile-de-france","16":"tag-luttes-environnementales","17":"tag-news","18":"tag-paris","19":"tag-pollution","20":"tag-republique-francaise"},"share_on_mastodon":{"url":"https:\/\/pubeurope.com\/@fr\/114351982885934870","error":""},"_links":{"self":[{"href":"https:\/\/www.europesays.com\/fr\/wp-json\/wp\/v2\/posts\/31057","targetHints":{"allow":["GET"]}}],"collection":[{"href":"https:\/\/www.europesays.com\/fr\/wp-json\/wp\/v2\/posts"}],"about":[{"href":"https:\/\/www.europesays.com\/fr\/wp-json\/wp\/v2\/types\/post"}],"author":[{"embeddable":true,"href":"https:\/\/www.europesays.com\/fr\/wp-json\/wp\/v2\/users\/2"}],"replies":[{"embeddable":true,"href":"https:\/\/www.europesays.com\/fr\/wp-json\/wp\/v2\/comments?post=31057"}],"version-history":[{"count":0,"href":"https:\/\/www.europesays.com\/fr\/wp-json\/wp\/v2\/posts\/31057\/revisions"}],"wp:featuredmedia":[{"embeddable":true,"href":"https:\/\/www.europesays.com\/fr\/wp-json\/wp\/v2\/media\/31058"}],"wp:attachment":[{"href":"https:\/\/www.europesays.com\/fr\/wp-json\/wp\/v2\/media?parent=31057"}],"wp:term":[{"taxonomy":"category","embeddable":true,"href":"https:\/\/www.europesays.com\/fr\/wp-json\/wp\/v2\/categories?post=31057"},{"taxonomy":"post_tag","embeddable":true,"href":"https:\/\/www.europesays.com\/fr\/wp-json\/wp\/v2\/tags?post=31057"}],"curies":[{"name":"wp","href":"https:\/\/api.w.org\/{rel}","templated":true}]}}