{"id":310570,"date":"2025-08-11T01:17:11","date_gmt":"2025-08-11T01:17:11","guid":{"rendered":"https:\/\/www.europesays.com\/fr\/310570\/"},"modified":"2025-08-11T01:17:11","modified_gmt":"2025-08-11T01:17:11","slug":"canicule-quand-lorganisme-est-confronte-aux-nuits-tropicales-liberation","status":"publish","type":"post","link":"https:\/\/www.europesays.com\/fr\/310570\/","title":{"rendered":"Canicule : quand l\u2019organisme est confront\u00e9 aux \u00abnuits tropicales\u00bb &#8211; Lib\u00e9ration"},"content":{"rendered":"<ol>\n<li><a href=\"https:\/\/news.google.com\/rss\/articles\/CBMi0wFBVV95cUxOUGlJYkZUUG90cDlJTlNRRTJ2amhHOUxlUzV2N2hfcGZ3UkJVWGNTclF3VWE5V2hzMHdpS3BIQ01JblI2OFU5T1JMM09NbXJoTERfX3JRc3B4a3JsU01hdUtLaVJxb09VaGcxNHBLbFB3MldWTmltWkt6aTZodC1vYmt5YlU5by1VWFNxcGV5Q2NJM0VBbGN4cVV3M0ZvbzZuYW1TOVptNGl2NE1fTDE3OUJxT3N6dklEdEN3eUdUS01GOUgyRVVvdXMxNVhhQ0tqQnJZ?oc=5\" target=\"_blank\" rel=\"noopener\">Canicule : quand l\u2019organisme est confront\u00e9 aux \u00abnuits tropicales\u00bb<\/a>&nbsp;&nbsp;Lib\u00e9ration<\/li>\n<li><a href=\"https:\/\/news.google.com\/rss\/articles\/CBMikAFBVV95cUxOaGt5SkxPdVQ5Umcwa1FaRVNVTHJ1R3c2Yk9xOHFBQmsyLVRoOWVMNHpYYW1Qak9IVFlGcnBoOHppSjMtVWw3ZTlIZzdvd0xTMG1sWXFQekE2SHllQlNFejZYamFKOHpmMXk0OXpZZDI0dDRkZjFWREVocFFRSW53TzgzS0EtZVdpU184QUM1RXU?oc=5\" target=\"_blank\" rel=\"noopener\">Billet. Laissons, laissons entrer le sommeil<\/a>&nbsp;&nbsp;Le Dauphin\u00e9 Lib\u00e9r\u00e9<\/li>\n<li><a href=\"https:\/\/news.google.com\/rss\/articles\/CBMikwFBVV95cUxOWW5GNUQzRTQ5a0xxOEZEaFJ3c0tkMmRvekpob3R5N3NUdHlKdEk3VVg1NWltaFVsMmg0V3puaWxlZDIwbDhBcjhtQnVoQzU4SGZjMGp4dFp4cUdHRkRmcWNzeXZfNjlrQnV5QVFKQ1h6akpWbFAzek95Z0N6Njh3cm1KWGpvMm91OHRFbzJLRzlKU2s?oc=5\" target=\"_blank\" rel=\"noopener\">Canicule : comment mieux dormir quand il fait chaud<\/a>&nbsp;&nbsp;RTL.fr<\/li>\n<li><a href=\"https:\/\/news.google.com\/rss\/articles\/CBMioAJBVV95cUxNems1a2wtSURJTXhrdnlGWEo0YlJFT3A0Wk5jdkhuUkVoVWJ2cnpqa0wyUHRKSTl0UUQxckM2WEJIUmNxOGw4MDdud0tUbzlmaHVseng2dllYVlVQYktDVG5IT0pfZkwzZmU0d21yeG9lM1BQaldQcHhJX3ZUZlFFMWlnRjQ5LVFwM3NwQTVwNkRUR09lNlFKdlhKemp0VG8tb3k3bENaWXpaTF92U2FxMXRnOEtzeXZkSTltcGVUWUgtdFA3dzBLcGRZUkljNmxkQmlOX0gxNnNISzRwcV9Lb1dXellMMmpzQzRjY1FqNm92aTBleWxBa2g3ZzhXLXpyZVV0LWhGbjJNUi1zdDBHSENFYV84dHVTWGs5a01wamw?oc=5\" target=\"_blank\" rel=\"noopener\">\u00ab\u00a0Mettre son oreiller au cong\u00e9lateur n&rsquo;est pas une bonne id\u00e9e\u00a0\u00bb : un m\u00e9decin r\u00e9v\u00e8le les astuces pour (vraiment) mieux dormir la nuit quand il fait chaud<\/a>&nbsp;&nbsp;TF1 Info<\/li>\n<li><a href=\"https:\/\/news.google.com\/rss\/articles\/CBMi3gFBVV95cUxPUjM0aGctVjYwdWNKOXpLYlE0TjgzUklxTENXUmg1YnVxblBtU3JKYnIyYnllaUM5Mzl6b2ZQZXZlMEY3QWdnNktmcGQ2d3BnakFtandDWHU0ejNmUk1JN21KLVhyZTdvVEtjYWo1ZmZzUEFkQV9lSF9ja1l6VDU2dTlETURwQzZsbkF4Z3BNc1FnWWlnSkhMQzVtQWJqZ1FXTndmeGpDbTBnbHdua2p6TEhvR3puNTl2T2FaTVZlakZiS1RWWmJENm5iQ0VwMHlraEtRTDQyR2tFWElXc0E?oc=5\" target=\"_blank\" rel=\"noopener\">Canicule : cette astuce japonaise \u00e0 0 \u20ac permet de rafra\u00eechir sa chambre et de dormir paisiblement<\/a>&nbsp;&nbsp;Biba Magazine<\/li>\n<\/ol>\n","protected":false},"excerpt":{"rendered":"Canicule : quand l\u2019organisme est confront\u00e9 aux \u00abnuits tropicales\u00bb&nbsp;&nbsp;Lib\u00e9ration Billet. Laissons, laissons entrer le sommeil&nbsp;&nbsp;Le Dauphin\u00e9 Lib\u00e9r\u00e9 Canicule&hellip;\n","protected":false},"author":2,"featured_media":310571,"comment_status":"","ping_status":"","sticky":false,"template":"","format":"standard","meta":{"footnotes":""},"categories":[6],"tags":[35,6698,33,34,1011,27],"class_list":{"0":"post-310570","1":"post","2":"type-post","3":"status-publish","4":"format-standard","5":"has-post-thumbnail","7":"category-economie","8":"tag-business","9":"tag-canicule","10":"tag-economie","11":"tag-economy","12":"tag-fr","13":"tag-france"},"share_on_mastodon":{"url":"https:\/\/pubeurope.com\/@fr\/115007497395144202","error":""},"_links":{"self":[{"href":"https:\/\/www.europesays.com\/fr\/wp-json\/wp\/v2\/posts\/310570","targetHints":{"allow":["GET"]}}],"collection":[{"href":"https:\/\/www.europesays.com\/fr\/wp-json\/wp\/v2\/posts"}],"about":[{"href":"https:\/\/www.europesays.com\/fr\/wp-json\/wp\/v2\/types\/post"}],"author":[{"embeddable":true,"href":"https:\/\/www.europesays.com\/fr\/wp-json\/wp\/v2\/users\/2"}],"replies":[{"embeddable":true,"href":"https:\/\/www.europesays.com\/fr\/wp-json\/wp\/v2\/comments?post=310570"}],"version-history":[{"count":0,"href":"https:\/\/www.europesays.com\/fr\/wp-json\/wp\/v2\/posts\/310570\/revisions"}],"wp:featuredmedia":[{"embeddable":true,"href":"https:\/\/www.europesays.com\/fr\/wp-json\/wp\/v2\/media\/310571"}],"wp:attachment":[{"href":"https:\/\/www.europesays.com\/fr\/wp-json\/wp\/v2\/media?parent=310570"}],"wp:term":[{"taxonomy":"category","embeddable":true,"href":"https:\/\/www.europesays.com\/fr\/wp-json\/wp\/v2\/categories?post=310570"},{"taxonomy":"post_tag","embeddable":true,"href":"https:\/\/www.europesays.com\/fr\/wp-json\/wp\/v2\/tags?post=310570"}],"curies":[{"name":"wp","href":"https:\/\/api.w.org\/{rel}","templated":true}]}}