{"id":310572,"date":"2025-08-11T01:18:09","date_gmt":"2025-08-11T01:18:09","guid":{"rendered":"https:\/\/www.europesays.com\/fr\/310572\/"},"modified":"2025-08-11T01:18:09","modified_gmt":"2025-08-11T01:18:09","slug":"cinq-journalistes-dal-jazeera-tues-lors-dune-frappe-israelienne-ciblee","status":"publish","type":"post","link":"https:\/\/www.europesays.com\/fr\/310572\/","title":{"rendered":"cinq journalistes d\u2019Al Jazeera tu\u00e9s lors d\u2019une frappe isra\u00e9lienne \u00abcibl\u00e9e\u00bb"},"content":{"rendered":"<p>L\u2019arm\u00e9e isra\u00e9lienne a confirm\u00e9 avoir men\u00e9 une frappe visant l\u2019un des correspondants dont Al Jazeera a annonc\u00e9 la mort, le qualifiant de \u00abterroriste\u00bb qui \u00abse faisait passer pour un journaliste\u00bb.<\/p>\n<p class=\"fig-paragraph\">Al Jazeera a annonc\u00e9 que cinq de ses journalistes, deux correspondants et trois cameramen, avaient \u00e9t\u00e9 tu\u00e9s dans une frappe isra\u00e9lienne \u00abcibl\u00e9e\u00bb sur leur tente \u00e0\u00a0<a href=\"http:\/\/www.lefigaro.fr\/international\/dossier\/attaque-du-hamas-contre-israel-le-point-sur-la-situation\" data-fig-type=\"Topic\" data-gtm-custom-categorie=\"navigation\" data-gtm-custom-action=\"crossclick\" data-gtm-custom-label=\"Contextuel\" data-gtm-event=\"customEventSPE\" data-fig-domain=\"LEFIGARO\" target=\"_blank\" rel=\"noopener\">Gaza<\/a>\u00a0dimanche, l\u2019arm\u00e9e isra\u00e9lienne affirmant avoir vis\u00e9 l\u2019un d\u2019eux qu\u2019elle a qualifi\u00e9 de \u00abterroriste\u00bb du mouvement palestinien Hamas.<\/p>\n<p class=\"fig-paragraph\">Selon Al Jazeera, \u00abal-Sharif, 28 ans, a \u00e9t\u00e9 tu\u00e9 dimanche apr\u00e8s qu\u2019une tente utilis\u00e9e par les journalistes devant la principale entr\u00e9e de l\u2019h\u00f4pital a \u00e9t\u00e9 frapp\u00e9e\u00bb. La cha\u00eene a fait \u00e9tat de quatre autres victimes: le correspondant \u00abMohammed Qreiqeh ainsi que les cameramen Ibrahim Zaher, Mohammed Noufal et Moamen Aliwa\u00bb. Anas al-Sharif \u00e9tait l\u2019un des visages les plus connus parmi les correspondants couvrant au quotidien la guerre \u00e0 Gaza.<\/p>\n<p>                                    <a class=\"fig-a11y-skip a11y-hidden\" href=\"#fig-a11y-skip-main-inarticle\"><br \/>\n        Passer la publicit\u00e9<br \/>\n    <\/a><\/p>\n<p>Des journalistes d\u2019Al Jazeera accus\u00e9s d\u2019\u00eatre des \u00abagents terroristes\u00bb<\/p>\n<p class=\"fig-paragraph\">L\u2019arm\u00e9e isra\u00e9lienne a confirm\u00e9 l\u2019avoir cibl\u00e9: il \u00ab\u00e9tait le chef d\u2019une cellule terroriste au sein de l\u2019organisation terroriste Hamas et \u00e9tait responsable de la pr\u00e9paration d\u2019attaques de roquettes contre des civils isra\u00e9liens et les troupes\u00bb isra\u00e9liennes, a-t-elle affirm\u00e9 sur Telegram.<\/p>\n<p class=\"fig-paragraph\">Isra\u00ebl avait d\u00e9j\u00e0 d\u00e9cid\u00e9 en mai 2024 d\u2019interdire la diffusion de la cha\u00eene dans le pays et d\u2019y fermer ses bureaux, r\u00e9sultat d\u2019un conflit de longue date entre le m\u00e9dia et le gouvernement du Premier ministre isra\u00e9lien Benyamin Netanyahou, qui s\u2019est aggrav\u00e9 pendant la guerre en cours dans la bande de Gaza.<\/p>\n<p class=\"fig-paragraph\">L\u2019arm\u00e9e isra\u00e9lienne a accus\u00e9 \u00e0 plusieurs reprises les journalistes de cette cha\u00eene d\u2019\u00eatre des \u00abagents terroristes\u00bb \u00e0 Gaza affili\u00e9s au Hamas, le mouvement islamiste auteur d\u2019une attaque sans pr\u00e9c\u00e9dent le 7 octobre 2023 en Isra\u00ebl qui a d\u00e9clench\u00e9 la guerre. Benyamin Netanyahou a affirm\u00e9 dimanche avoir donn\u00e9 l\u2019ordre \u00e0 l\u2019arm\u00e9e d\u2019autoriser un plus grand nombre de journalistes de la presse internationale \u00e0 travailler sous son contr\u00f4le dans la bande de Gaza.<\/p>\n","protected":false},"excerpt":{"rendered":"L\u2019arm\u00e9e isra\u00e9lienne a confirm\u00e9 avoir men\u00e9 une frappe visant l\u2019un des correspondants dont Al Jazeera a annonc\u00e9 la&hellip;\n","protected":false},"author":2,"featured_media":310573,"comment_status":"","ping_status":"","sticky":false,"template":"","format":"standard","meta":{"footnotes":""},"categories":[5],"tags":[259,11,260,1011,27,14,261,12,262,28],"class_list":{"0":"post-310572","1":"post","2":"type-post","3":"status-publish","4":"format-standard","5":"has-post-thumbnail","7":"category-international","8":"tag-actualite-internationale","9":"tag-actualites","10":"tag-affaires-etrangeres","11":"tag-fr","12":"tag-france","13":"tag-international","14":"tag-ministere-des-affaires-etrangeres","15":"tag-news","16":"tag-politique-etrangere","17":"tag-world"},"share_on_mastodon":{"url":"https:\/\/pubeurope.com\/@fr\/115007501372549295","error":""},"_links":{"self":[{"href":"https:\/\/www.europesays.com\/fr\/wp-json\/wp\/v2\/posts\/310572","targetHints":{"allow":["GET"]}}],"collection":[{"href":"https:\/\/www.europesays.com\/fr\/wp-json\/wp\/v2\/posts"}],"about":[{"href":"https:\/\/www.europesays.com\/fr\/wp-json\/wp\/v2\/types\/post"}],"author":[{"embeddable":true,"href":"https:\/\/www.europesays.com\/fr\/wp-json\/wp\/v2\/users\/2"}],"replies":[{"embeddable":true,"href":"https:\/\/www.europesays.com\/fr\/wp-json\/wp\/v2\/comments?post=310572"}],"version-history":[{"count":0,"href":"https:\/\/www.europesays.com\/fr\/wp-json\/wp\/v2\/posts\/310572\/revisions"}],"wp:featuredmedia":[{"embeddable":true,"href":"https:\/\/www.europesays.com\/fr\/wp-json\/wp\/v2\/media\/310573"}],"wp:attachment":[{"href":"https:\/\/www.europesays.com\/fr\/wp-json\/wp\/v2\/media?parent=310572"}],"wp:term":[{"taxonomy":"category","embeddable":true,"href":"https:\/\/www.europesays.com\/fr\/wp-json\/wp\/v2\/categories?post=310572"},{"taxonomy":"post_tag","embeddable":true,"href":"https:\/\/www.europesays.com\/fr\/wp-json\/wp\/v2\/tags?post=310572"}],"curies":[{"name":"wp","href":"https:\/\/api.w.org\/{rel}","templated":true}]}}