{"id":310577,"date":"2025-08-11T01:22:59","date_gmt":"2025-08-11T01:22:59","guid":{"rendered":"https:\/\/www.europesays.com\/fr\/310577\/"},"modified":"2025-08-11T01:22:59","modified_gmt":"2025-08-11T01:22:59","slug":"football-pourquoi-ca-coince-administrativement-pour-joshua-duffus-a-lasse","status":"publish","type":"post","link":"https:\/\/www.europesays.com\/fr\/310577\/","title":{"rendered":"Football. Pourquoi \u00e7a coince administrativement pour Joshua Duffus \u00e0 l\u2019ASSE"},"content":{"rendered":"<p>En d\u00e9placement \u00e0 Laval ce samedi soir (20 heures), <a href=\"https:\/\/www.leprogres.fr\/p\/eirik-horneland\" target=\"_blank\" rel=\"nofollow noopener\">Eirik Horneland<\/a> a d\u00fb longtemps se creuser la t\u00eate au moment de r\u00e9fl\u00e9chir \u00e0 qui il alignerait en pointe au stade Francis-Le-Basser. \u00ab\u00a0Je ne sais pas qui j\u2019alignerai en attaque, parce qu\u2019on est toujours en attente de la proc\u00e9dure pour Joshua Duffus, mais j\u2019esp\u00e8re que ce sera bon\u00a0\u00bb, avouait l\u2019entra\u00eeneur st\u00e9phanois en conf\u00e9rence de presse jeudi 7 ao\u00fbt.<\/p>\n<p>Priv\u00e9 de Djylian N\u2019Guessan, toujours en phase de reprise suite \u00e0 sa blessure \u00e0 l\u2019ischio contract\u00e9e contre l\u2019\u00c9toile de Carouge (3-1), et de <a href=\"https:\/\/www.leprogres.fr\/p\/lucas-stassin\" target=\"_blank\" rel=\"nofollow noopener\">Lucas&#8230;<\/a><\/p>\n","protected":false},"excerpt":{"rendered":"En d\u00e9placement \u00e0 Laval ce samedi soir (20 heures), Eirik Horneland a d\u00fb longtemps se creuser la t\u00eate&hellip;\n","protected":false},"author":2,"featured_media":310578,"comment_status":"","ping_status":"","sticky":false,"template":"","format":"standard","meta":{"footnotes":""},"categories":[9653],"tags":[1111,11,4000,2430,7539,1777,674,1701,63,1011,27,3367,12,25,4001,7538,517],"class_list":{"0":"post-310577","1":"post","2":"type-post","3":"status-publish","4":"format-standard","5":"has-post-thumbnail","7":"category-saint-etienne","8":"tag-actu","9":"tag-actualites","10":"tag-asse-as-saint-etienne-football","11":"tag-auvergne-rhone-alpes","12":"tag-edition-loire-sud","13":"tag-eu","14":"tag-europe","15":"tag-fil-info-sport","16":"tag-football","17":"tag-fr","18":"tag-france","19":"tag-loire","20":"tag-news","21":"tag-republique-francaise","22":"tag-saint-etienne","23":"tag-saint-etienne-ville","24":"tag-sport"},"share_on_mastodon":{"url":"https:\/\/pubeurope.com\/@fr\/115007520934345899","error":""},"_links":{"self":[{"href":"https:\/\/www.europesays.com\/fr\/wp-json\/wp\/v2\/posts\/310577","targetHints":{"allow":["GET"]}}],"collection":[{"href":"https:\/\/www.europesays.com\/fr\/wp-json\/wp\/v2\/posts"}],"about":[{"href":"https:\/\/www.europesays.com\/fr\/wp-json\/wp\/v2\/types\/post"}],"author":[{"embeddable":true,"href":"https:\/\/www.europesays.com\/fr\/wp-json\/wp\/v2\/users\/2"}],"replies":[{"embeddable":true,"href":"https:\/\/www.europesays.com\/fr\/wp-json\/wp\/v2\/comments?post=310577"}],"version-history":[{"count":0,"href":"https:\/\/www.europesays.com\/fr\/wp-json\/wp\/v2\/posts\/310577\/revisions"}],"wp:featuredmedia":[{"embeddable":true,"href":"https:\/\/www.europesays.com\/fr\/wp-json\/wp\/v2\/media\/310578"}],"wp:attachment":[{"href":"https:\/\/www.europesays.com\/fr\/wp-json\/wp\/v2\/media?parent=310577"}],"wp:term":[{"taxonomy":"category","embeddable":true,"href":"https:\/\/www.europesays.com\/fr\/wp-json\/wp\/v2\/categories?post=310577"},{"taxonomy":"post_tag","embeddable":true,"href":"https:\/\/www.europesays.com\/fr\/wp-json\/wp\/v2\/tags?post=310577"}],"curies":[{"name":"wp","href":"https:\/\/api.w.org\/{rel}","templated":true}]}}