{"id":310588,"date":"2025-08-11T01:38:38","date_gmt":"2025-08-11T01:38:38","guid":{"rendered":"https:\/\/www.europesays.com\/fr\/310588\/"},"modified":"2025-08-11T01:38:38","modified_gmt":"2025-08-11T01:38:38","slug":"le-strasbourgeois-dan-added-netait-pas-si-loin","status":"publish","type":"post","link":"https:\/\/www.europesays.com\/fr\/310588\/","title":{"rendered":"le Strasbourgeois Dan Added n\u2019\u00e9tait pas si loin"},"content":{"rendered":"<p>Au tennis, \u201ctout pr\u00e8s\u201d n\u2019est jamais assez pr\u00e8s. \u00c0 deux reprises, ce dimanche matin, Dan Added aurait pu recoller \u00e0 la roue du Tunisien Moez Echargui, 211e mondial et assez intenable actuellement dans tous les tournois qu\u2019il dispute, en Future \u00e0 Monastir ou en Challenger \u00e0 Porto.<\/p>\n<p>\u00ab\u00a0Ces derni\u00e8res semaines n\u2019ont pas \u00e9t\u00e9 simples\u00a0\u00bb<\/p>\n<p>\u00ab\u00a0C\u2019est un adversaire en pleine confiance, qui se d\u00e9place tr\u00e8s bien, tr\u00e8s difficile \u00e0 d\u00e9border, qui contre bien des deux c\u00f4t\u00e9s\u00a0\u00bb, analyse le joueur du TC&#8230;<\/p>\n","protected":false},"excerpt":{"rendered":"Au tennis, \u201ctout pr\u00e8s\u201d n\u2019est jamais assez pr\u00e8s. \u00c0 deux reprises, ce dimanche matin, Dan Added aurait pu&hellip;\n","protected":false},"author":2,"featured_media":310589,"comment_status":"","ping_status":"","sticky":false,"template":"","format":"standard","meta":{"footnotes":""},"categories":[2820],"tags":[1111,11,1777,674,1011,27,775,12,25,517,640,1467],"class_list":{"0":"post-310588","1":"post","2":"type-post","3":"status-publish","4":"format-standard","5":"has-post-thumbnail","7":"category-strasbourg","8":"tag-actu","9":"tag-actualites","10":"tag-eu","11":"tag-europe","12":"tag-fr","13":"tag-france","14":"tag-grand-est","15":"tag-news","16":"tag-republique-francaise","17":"tag-sport","18":"tag-strasbourg","19":"tag-tennis"},"share_on_mastodon":{"url":"https:\/\/pubeurope.com\/@fr\/115007579913107572","error":""},"_links":{"self":[{"href":"https:\/\/www.europesays.com\/fr\/wp-json\/wp\/v2\/posts\/310588","targetHints":{"allow":["GET"]}}],"collection":[{"href":"https:\/\/www.europesays.com\/fr\/wp-json\/wp\/v2\/posts"}],"about":[{"href":"https:\/\/www.europesays.com\/fr\/wp-json\/wp\/v2\/types\/post"}],"author":[{"embeddable":true,"href":"https:\/\/www.europesays.com\/fr\/wp-json\/wp\/v2\/users\/2"}],"replies":[{"embeddable":true,"href":"https:\/\/www.europesays.com\/fr\/wp-json\/wp\/v2\/comments?post=310588"}],"version-history":[{"count":0,"href":"https:\/\/www.europesays.com\/fr\/wp-json\/wp\/v2\/posts\/310588\/revisions"}],"wp:featuredmedia":[{"embeddable":true,"href":"https:\/\/www.europesays.com\/fr\/wp-json\/wp\/v2\/media\/310589"}],"wp:attachment":[{"href":"https:\/\/www.europesays.com\/fr\/wp-json\/wp\/v2\/media?parent=310588"}],"wp:term":[{"taxonomy":"category","embeddable":true,"href":"https:\/\/www.europesays.com\/fr\/wp-json\/wp\/v2\/categories?post=310588"},{"taxonomy":"post_tag","embeddable":true,"href":"https:\/\/www.europesays.com\/fr\/wp-json\/wp\/v2\/tags?post=310588"}],"curies":[{"name":"wp","href":"https:\/\/api.w.org\/{rel}","templated":true}]}}