{"id":310592,"date":"2025-08-11T01:43:26","date_gmt":"2025-08-11T01:43:26","guid":{"rendered":"https:\/\/www.europesays.com\/fr\/310592\/"},"modified":"2025-08-11T01:43:26","modified_gmt":"2025-08-11T01:43:26","slug":"si-un-joueur-naime-pas-nantes-le-message-ferme-de-luis-castro-sur-le-dossier-abline-2","status":"publish","type":"post","link":"https:\/\/www.europesays.com\/fr\/310592\/","title":{"rendered":"\u00ab\u00a0Si un joueur n\u2019aime pas Nantes&#8230;\u00a0\u00bb le message ferme de Luis Castro sur le dossier Abline"},"content":{"rendered":"<p class=\"mb-4 text-lg md:leading-8 break-words\">Un malaise Matthis Abline au FC Nantes ? Apr\u00e8s la d\u00e9faite du FCN face au Paris FC (2-3) <a href=\"https:\/\/fr.news.yahoo.com\/sport\/nantes-abline-absent-match-pr%C3%A9paration-164313096.html\" data-ylk=\"slk:sans l&#039;attaquant nantais, officiellement forfait en raison d&#039;une blessure,;elm:context_link;itc:0;sec:content-canvas;outcm:mb_qualified_link;_E:mb_qualified_link;ct:story;\" class=\"link  yahoo-link\" target=\"_blank\" rel=\"noopener\">sans l&rsquo;attaquant nantais, officiellement forfait en raison d&rsquo;une blessure,<\/a> l&rsquo;entra\u00eeneur nantais <a href=\"https:\/\/rmcsport.bfmtv.com\/replay-emissions\/after-foot\/nicolas-supporter-nantais-enthousiaste-sur-le-foot-de-luis-castro-09-08_EN-202508090311.html\" rel=\"nofollow noopener\" target=\"_blank\" data-ylk=\"slk:Luis Castro;elm:context_link;itc:0;sec:content-canvas\" class=\"link \">Luis Castro<\/a> a fait passer un message alors qu&rsquo;Abline est pressenti sur le d\u00e9part.<\/p>\n<p class=\"mb-4 text-lg md:leading-8 break-words\">\u00ab\u00a0C\u2019est possible que tous les joueurs partent, tout d\u00e9pend de l\u2019offre\u00a0\u00bb, a expliqu\u00e9 le Portugais. \u00ab\u00a0Beaucoup de joueurs qui ont jou\u00e9 aujourd\u2019hui (samedi) sont pas mal aussi. Vous pensez qu\u2019Abline est le seul joueur \u00e0 avoir des sollicitations ? Jusqu\u2019au 31 ao\u00fbt, tous les joueurs peuvent partir et d\u2019autres peuvent arriver. Il est ici avec nous. Il travaille bien. Il a fait une bonne semaine de pr\u00e9paration en Angleterre. Il se blesse mais ce n\u2019est pas une grosse blessure, c\u2019est une petite douleur, on ne prend pas de risque.\u00a0\u00bb<\/p>\n<p>\u00ab\u00a0Le club est toujours plus important que le joueur\u00a0\u00bb<\/p>\n<p class=\"mb-4 text-lg md:leading-8 break-words\">Le FC Nantes aura fort \u00e0 faire d&rsquo;entr\u00e9e, avec la r\u00e9ception du PSG lors de la premi\u00e8re journ\u00e9e, dimanche prochain. Avec ou sans Matthis Abline ? \u00ab\u00a0S\u2019il part, un autre jouera\u00a0\u00bb, a r\u00e9pondu Castro. \u00ab\u00a0Et m\u00eame s\u2019il reste, je ne sais pas s\u2019il sera titulaire. On va voir.\u00a0\u00bb L&rsquo;ancien entra\u00eeneur de Dunkerque a \u00e9voqu\u00e9 les solutions alternatives en cas de d\u00e9part du jeune joueur fran\u00e7ais.<\/p>\n<p class=\"mb-4 text-lg md:leading-8 break-words\">\u00ab\u00a0Mostafa (Mohamed) a fait un tr\u00e8s bon match. On va voir comment il est. Deux choses sont importantes pour moi : un, on d\u00e9bute toujours \u00e0 onze et deux, un joueur qui reste ici, il aime le club et veut jouer avec le club. Le club est toujours plus important que le joueur. Ce n\u2019est pas valable que pour Abline mais pour tout le monde. Si un joueur n\u2019aime pas Nantes, le club et ne veut pas \u00eatre avec nous, j\u2019esp\u00e8re que quelqu\u2019un l\u2019ach\u00e8tera. Mais je pense qu\u2019Abline veut rester.\u00a0\u00bb<\/p>\n<p class=\"mb-4 text-lg md:leading-8 break-words\">L&rsquo;international Espoirs (22 ans, neuf s\u00e9lections, deux buts) est convoit\u00e9 par le Paris FC qui a fait une premi\u00e8re offre de 25 millions d&rsquo;euros, repouss\u00e9e par les Canaris qui en r\u00e9clament au moins 50. Wolverhampton est \u00e9galement int\u00e9ress\u00e9 par l&rsquo;attaquant nantais.<\/p>\n<p class=\"mb-4 text-lg md:leading-8 break-words\"><a href=\"https:\/\/rmcsport.bfmtv.com\/football\/transferts\/mercato-si-un-joueur-n-aime-pas-nantes-le-message-ferme-de-luis-castro-sur-le-dossier-abline_AP-202508100136.html#xtor=AL-68\" rel=\"nofollow noopener\" target=\"_blank\" data-ylk=\"slk:Article original publi\u00e9 sur RMC Sport;elm:context_link;itc:0;sec:content-canvas\" class=\"link \">Article original publi\u00e9 sur RMC Sport<\/a><\/p>\n","protected":false},"excerpt":{"rendered":"Un malaise Matthis Abline au FC Nantes ? Apr\u00e8s la d\u00e9faite du FCN face au Paris FC (2-3)&hellip;\n","protected":false},"author":2,"featured_media":310593,"comment_status":"","ping_status":"","sticky":false,"template":"","format":"standard","meta":{"footnotes":""},"categories":[2818],"tags":[1111,11,1777,674,462,1011,27,6563,88,13295,766,12,445,2636,93,25],"class_list":{"0":"post-310592","1":"post","2":"type-post","3":"status-publish","4":"format-standard","5":"has-post-thumbnail","7":"category-nantes","8":"tag-actu","9":"tag-actualites","10":"tag-eu","11":"tag-europe","12":"tag-fc-nantes","13":"tag-fr","14":"tag-france","15":"tag-le-club","16":"tag-luis-castro","17":"tag-matthis-abline","18":"tag-nantes","19":"tag-news","20":"tag-paris-fc","21":"tag-pays-de-la-loire","22":"tag-psg","23":"tag-republique-francaise"},"share_on_mastodon":{"url":"https:\/\/pubeurope.com\/@fr\/115007599790378110","error":""},"_links":{"self":[{"href":"https:\/\/www.europesays.com\/fr\/wp-json\/wp\/v2\/posts\/310592","targetHints":{"allow":["GET"]}}],"collection":[{"href":"https:\/\/www.europesays.com\/fr\/wp-json\/wp\/v2\/posts"}],"about":[{"href":"https:\/\/www.europesays.com\/fr\/wp-json\/wp\/v2\/types\/post"}],"author":[{"embeddable":true,"href":"https:\/\/www.europesays.com\/fr\/wp-json\/wp\/v2\/users\/2"}],"replies":[{"embeddable":true,"href":"https:\/\/www.europesays.com\/fr\/wp-json\/wp\/v2\/comments?post=310592"}],"version-history":[{"count":0,"href":"https:\/\/www.europesays.com\/fr\/wp-json\/wp\/v2\/posts\/310592\/revisions"}],"wp:featuredmedia":[{"embeddable":true,"href":"https:\/\/www.europesays.com\/fr\/wp-json\/wp\/v2\/media\/310593"}],"wp:attachment":[{"href":"https:\/\/www.europesays.com\/fr\/wp-json\/wp\/v2\/media?parent=310592"}],"wp:term":[{"taxonomy":"category","embeddable":true,"href":"https:\/\/www.europesays.com\/fr\/wp-json\/wp\/v2\/categories?post=310592"},{"taxonomy":"post_tag","embeddable":true,"href":"https:\/\/www.europesays.com\/fr\/wp-json\/wp\/v2\/tags?post=310592"}],"curies":[{"name":"wp","href":"https:\/\/api.w.org\/{rel}","templated":true}]}}