{"id":310604,"date":"2025-08-11T01:50:11","date_gmt":"2025-08-11T01:50:11","guid":{"rendered":"https:\/\/www.europesays.com\/fr\/310604\/"},"modified":"2025-08-11T01:50:11","modified_gmt":"2025-08-11T01:50:11","slug":"au-parc-borely-une-balade-botanique-pour-eveiller-linspiration-et-la-plume","status":"publish","type":"post","link":"https:\/\/www.europesays.com\/fr\/310604\/","title":{"rendered":"au parc Bor\u00e9ly, une balade botanique pour \u00e9veiller l\u2019inspiration et la plume"},"content":{"rendered":"\n<p>Comment lier nature et \u00e9criture\u00a0? Marie Follot, pr\u00e9sidente de l\u2019association \u00ab\u00a0Ouvrir la voie des mots\u00a0\u00bb, propose de les r\u00e9unir dans les ateliers qu\u2019elle anime. Le 5\u00a0ao\u00fbt dernier, elle a donn\u00e9 rendez-vous aux cinq participantes au parc Borely pour une balade botanique augment\u00e9e d\u2019une expression \u00e9crite et cr\u00e9ative.<\/p>\n<p>Marie Follot plante le d\u00e9cor\u00a0: il s\u2019agit de se concentrer sur le paysage, de l\u2019observer avec ses cinq\u00a0sens que sont l\u2019ou\u00efe, l\u2019odorat, le go\u00fbt, le toucher et la vue. Ensuite, elle demande de faire ce qu\u2019elle appelle des l\u00e2chers de mots \u00ab\u00a0en donnant les mots qui viennent sans aucune forme d\u2019intellectualisation\u00a0\u00bb. Les participantes, assises dans l\u2019herbe, font alors fuser les mots que leur inspire la nature offerte devant eux.<\/p>\n<p>Plus loin, elle conduit ces derni\u00e8res dans la roseraie du parc. Marie Follot les invite \u00e0 s\u2019y balader et \u00e0 noter de mani\u00e8re spontan\u00e9e toutes leurs impressions. Les participantes se prom\u00e8nent, en compl\u00e8te immersion, dans les all\u00e9es, cahier et stylo en main.<\/p>\n<p>Des mots qui deviennent un texte<\/p>\n<p>Dans son approche, Marie Follot revient sur la gen\u00e8se d\u2019un texte\u00a0: \u00ab\u00a0quand on cr\u00e9e un texte, on commence \u00e0 \u00e9crire des mots, puis viennent les phrases\u00a0\u00bb. C\u2019est ce qu\u2019elle demande de faire \u00e0 son auditoire. Au fur et \u00e0 mesure de la lecture des phrases de chacune, elle les m\u00e9lange pour en faire un seul et m\u00eame texte original. Les mots et les phrases s\u2019imbriquent les uns dans les autres.<\/p>\n<p>Juliette, 27\u00a0ans, qui \u00e9crit de mani\u00e8re sporadique, est heureuse d\u2019\u00eatre venue. \u00ab\u00a0Je voulais que l\u2019on me redonne l\u2019\u00e9lan pour \u00e9crire, avoir de l\u2019inspiration et visiter le parc Borely\u00a0\u00bb . \u00ab\u00a0J\u2019ai aim\u00e9 l\u2019ambiance du groupe et la bienveillance de l\u2019animatrice\u00a0\u00bb ajoute-t-elle. Pour Marie Follot, l\u2019\u00e9criture ne doit pas rester \u00e9ph\u00e9m\u00e8re. Tous les textes concoct\u00e9s lors de ses ateliers sont repris dans un recueil qu\u2019elle publie chaque ann\u00e9e. Elle invite \u00e9galement les auteurs \u00e0 se produire lors de sc\u00e8nes ouvertes o\u00f9 ils peuvent lire leurs productions en public. Ces ateliers ne sont pas r\u00e9serv\u00e9s aux connaisseurs. Marie Follot insiste\u00a0: \u00ab\u00a0Les novices y arrivent. Tout le monde \u00e0 des potentialit\u00e9s pour \u00e9crire\u00a0\u00bb.<\/p>\n<p>Atelier du 12\u00a0ao\u00fbt au Parc Bor\u00e9ly, (jardin chinois). Inscription\u00a0: ouvrirlavoiedesmots@gmail.com 06. 81. 43. 85. 38<\/p>\n","protected":false},"excerpt":{"rendered":"Comment lier nature et \u00e9criture\u00a0? Marie Follot, pr\u00e9sidente de l\u2019association \u00ab\u00a0Ouvrir la voie des mots\u00a0\u00bb, propose de les&hellip;\n","protected":false},"author":2,"featured_media":310605,"comment_status":"","ping_status":"","sticky":false,"template":"","format":"standard","meta":{"footnotes":""},"categories":[2814],"tags":[1111,11,36390,1777,674,1011,27,884,12,882,25],"class_list":{"0":"post-310604","1":"post","2":"type-post","3":"status-publish","4":"format-standard","5":"has-post-thumbnail","7":"category-marseille","8":"tag-actu","9":"tag-actualites","10":"tag-claire-mangeard","11":"tag-eu","12":"tag-europe","13":"tag-fr","14":"tag-france","15":"tag-marseille","16":"tag-news","17":"tag-provence-alpes-cote-dazur","18":"tag-republique-francaise"},"share_on_mastodon":{"url":"https:\/\/pubeurope.com\/@fr\/115007627320093670","error":""},"_links":{"self":[{"href":"https:\/\/www.europesays.com\/fr\/wp-json\/wp\/v2\/posts\/310604","targetHints":{"allow":["GET"]}}],"collection":[{"href":"https:\/\/www.europesays.com\/fr\/wp-json\/wp\/v2\/posts"}],"about":[{"href":"https:\/\/www.europesays.com\/fr\/wp-json\/wp\/v2\/types\/post"}],"author":[{"embeddable":true,"href":"https:\/\/www.europesays.com\/fr\/wp-json\/wp\/v2\/users\/2"}],"replies":[{"embeddable":true,"href":"https:\/\/www.europesays.com\/fr\/wp-json\/wp\/v2\/comments?post=310604"}],"version-history":[{"count":0,"href":"https:\/\/www.europesays.com\/fr\/wp-json\/wp\/v2\/posts\/310604\/revisions"}],"wp:featuredmedia":[{"embeddable":true,"href":"https:\/\/www.europesays.com\/fr\/wp-json\/wp\/v2\/media\/310605"}],"wp:attachment":[{"href":"https:\/\/www.europesays.com\/fr\/wp-json\/wp\/v2\/media?parent=310604"}],"wp:term":[{"taxonomy":"category","embeddable":true,"href":"https:\/\/www.europesays.com\/fr\/wp-json\/wp\/v2\/categories?post=310604"},{"taxonomy":"post_tag","embeddable":true,"href":"https:\/\/www.europesays.com\/fr\/wp-json\/wp\/v2\/tags?post=310604"}],"curies":[{"name":"wp","href":"https:\/\/api.w.org\/{rel}","templated":true}]}}