{"id":310608,"date":"2025-08-11T01:52:17","date_gmt":"2025-08-11T01:52:17","guid":{"rendered":"https:\/\/www.europesays.com\/fr\/310608\/"},"modified":"2025-08-11T01:52:17","modified_gmt":"2025-08-11T01:52:17","slug":"un-grand-concert-gratuit-organise-en-plein-air-dans-ce-quartier","status":"publish","type":"post","link":"https:\/\/www.europesays.com\/fr\/310608\/","title":{"rendered":"un grand concert gratuit organis\u00e9 en plein air dans ce quartier"},"content":{"rendered":"<p>            Par<br \/>\n        <strong><br \/>\n            <a href=\"https:\/\/actu.fr\/auteur\/ludivine-caporal\" title=\"Consulter tous les articles de Ludivine Caporal\" target=\"_blank\" rel=\"noopener\">Ludivine Caporal<\/a><br \/>\n        <\/strong><\/p>\n<p>        Publi\u00e9 le<\/p>\n<p>            9 ao\u00fbt 2025 \u00e0 7h14        <\/p>\n<p>Pour cl\u00f4turer l\u2019\u00e9t\u00e9 en beaut\u00e9, mais \u00e9galement c\u00e9l\u00e9brer les 30 ans de la <a href=\"https:\/\/actu.fr\/tag\/cite-internationale-de-lyon\" target=\"_blank\" rel=\"noopener\">Cit\u00e9 Internationale de Lyon<\/a>, un festival intitul\u00e9 <strong>Festi\u2019Cit\u00e9<\/strong> se tiendra le vendredi 29 et le samedi 30 ao\u00fbt prochains au c\u0153ur de ce <a href=\"https:\/\/actu.fr\/auvergne-rhone-alpes\/lyon_69123\/lyon-ces-habitants-vivent-a-la-cite-internationale-un-paradis-le-meilleur-quartier_62368851.html\" target=\"_blank\" rel=\"noopener\">quartier si sp\u00e9cial<\/a> du 6e arrondissement de <a href=\"https:\/\/actu.fr\/lyon\/\" target=\"_blank\" rel=\"noopener\">Lyon<\/a>.<\/p>\n<p class=\" wall-content\">Mais avant d\u2019inviter les Lyonnais \u00e0 participer \u00e0 la plus grande trattoria de France pour se d\u00e9lecter de la gastronomie italienne le samedi midi, un grand concert <strong>enti\u00e8rement gratuit<\/strong> et en plein air sera organis\u00e9 le vendredi soir par Radio Scoop.\u00a0<\/p>\n<p>Un artiste international aux c\u00f4t\u00e9s d\u2019artistes francophones<\/p>\n<p class=\" wall-content\">D\u00e8s 20h, sur l\u2019esplanade de l\u2019Amphith\u00e9\u00e2tre situ\u00e9 juste devant la salle 3 000, il sera ainsi possible de venir \u00e9couter la musique de plusieurs artistes fran\u00e7ais populaires. Sont pr\u00e9vus au programme : <strong>J\u00e9r\u00e9my Frerot, Styleto, Julien Lieb et Jeck &amp; Carla.\u00a0<\/strong><\/p>\n<p class=\" wall-content\">Un artiste international fera par ailleurs l\u2019honneur de se produire sur sc\u00e8ne devant les Lyonnais le m\u00eame soir. Il s\u2019agit de <strong>Charlie Winston<\/strong>, le chanteur britannique qui a compos\u00e9 le c\u00e9l\u00e8bre titre \u00ab\u00a0Like a Hobo\u00a0\u00bb, class\u00e9 n\u00b01 en France en 2009.<\/p>\n<p class=\" wall-content\">Suivez toute l\u2019actualit\u00e9 de vos villes et m\u00e9dias favoris en vous inscrivant \u00e0 <a href=\"https:\/\/moncompte.actu.fr\" title=\"D\u00e9couvez Mon Actu\" rel=\"nofollow noopener\" data-trk=\"{&quot;cta&quot;:{&quot;action&quot;:&quot;https:\\\/\\\/moncompte.actu.fr&quot;,&quot;category&quot;:&quot;mon compte&quot;,&quot;from&quot;:&quot;article footer&quot;,&quot;name&quot;:&quot;Mon actu&quot;,&quot;type&quot;:&quot;cta&quot;}}\" target=\"_blank\">Mon Actu<\/a>.<\/p>\n<ul class=\"ac-article-tag wall-content\">\n<li><a href=\"https:\/\/actu.fr\/tag\/cite-internationale-de-lyon\" data-trk=\"{&quot;cta&quot;:{&quot;action&quot;:&quot;Cit\\u00e9 internationale de Lyon&quot;,&quot;category&quot;:&quot;tag&quot;,&quot;from&quot;:&quot;article footer&quot;,&quot;name&quot;:&quot;Cit\\u00e9 internationale de Lyon&quot;,&quot;type&quot;:&quot;cta&quot;}}\" target=\"_blank\" rel=\"noopener\">#Cit\u00e9 internationale de Lyon<\/a><\/li>\n<li><a href=\"https:\/\/actu.fr\/tag\/concert\" data-trk=\"{&quot;cta&quot;:{&quot;action&quot;:&quot;Concert&quot;,&quot;category&quot;:&quot;tag&quot;,&quot;from&quot;:&quot;article footer&quot;,&quot;name&quot;:&quot;Concert&quot;,&quot;type&quot;:&quot;cta&quot;}}\" target=\"_blank\" rel=\"noopener\">#Concert<\/a><\/li>\n<\/ul>\n","protected":false},"excerpt":{"rendered":"Par Ludivine Caporal Publi\u00e9 le 9 ao\u00fbt 2025 \u00e0 7h14 Pour cl\u00f4turer l\u2019\u00e9t\u00e9 en beaut\u00e9, mais \u00e9galement c\u00e9l\u00e9brer&hellip;\n","protected":false},"author":2,"featured_media":310609,"comment_status":"","ping_status":"","sticky":false,"template":"","format":"standard","meta":{"footnotes":""},"categories":[1889],"tags":[1111,11,2430,45056,1697,1777,674,1011,27,1652,2428,12,25],"class_list":{"0":"post-310608","1":"post","2":"type-post","3":"status-publish","4":"format-standard","5":"has-post-thumbnail","7":"category-lyon","8":"tag-actu","9":"tag-actualites","10":"tag-auvergne-rhone-alpes","11":"tag-cite-internationale-de-lyon","12":"tag-concert","13":"tag-eu","14":"tag-europe","15":"tag-fr","16":"tag-france","17":"tag-loisirs-culture","18":"tag-lyon","19":"tag-news","20":"tag-republique-francaise"},"share_on_mastodon":{"url":"https:\/\/pubeurope.com\/@fr\/115007635132159669","error":""},"_links":{"self":[{"href":"https:\/\/www.europesays.com\/fr\/wp-json\/wp\/v2\/posts\/310608","targetHints":{"allow":["GET"]}}],"collection":[{"href":"https:\/\/www.europesays.com\/fr\/wp-json\/wp\/v2\/posts"}],"about":[{"href":"https:\/\/www.europesays.com\/fr\/wp-json\/wp\/v2\/types\/post"}],"author":[{"embeddable":true,"href":"https:\/\/www.europesays.com\/fr\/wp-json\/wp\/v2\/users\/2"}],"replies":[{"embeddable":true,"href":"https:\/\/www.europesays.com\/fr\/wp-json\/wp\/v2\/comments?post=310608"}],"version-history":[{"count":0,"href":"https:\/\/www.europesays.com\/fr\/wp-json\/wp\/v2\/posts\/310608\/revisions"}],"wp:featuredmedia":[{"embeddable":true,"href":"https:\/\/www.europesays.com\/fr\/wp-json\/wp\/v2\/media\/310609"}],"wp:attachment":[{"href":"https:\/\/www.europesays.com\/fr\/wp-json\/wp\/v2\/media?parent=310608"}],"wp:term":[{"taxonomy":"category","embeddable":true,"href":"https:\/\/www.europesays.com\/fr\/wp-json\/wp\/v2\/categories?post=310608"},{"taxonomy":"post_tag","embeddable":true,"href":"https:\/\/www.europesays.com\/fr\/wp-json\/wp\/v2\/tags?post=310608"}],"curies":[{"name":"wp","href":"https:\/\/api.w.org\/{rel}","templated":true}]}}