{"id":31061,"date":"2025-04-17T06:53:08","date_gmt":"2025-04-17T06:53:08","guid":{"rendered":"https:\/\/www.europesays.com\/fr\/31061\/"},"modified":"2025-04-17T06:53:08","modified_gmt":"2025-04-17T06:53:08","slug":"campus-international-5-100-logements-le-blanc-mesnil-prepare-la-creation-dun-nouveau-centre-ville","status":"publish","type":"post","link":"https:\/\/www.europesays.com\/fr\/31061\/","title":{"rendered":"Campus international, 5 100 logements&#8230; Le Blanc-Mesnil pr\u00e9pare la cr\u00e9ation d&rsquo;un nouveau centre-ville"},"content":{"rendered":"<p>            Par<br \/>\n        <strong><br \/>\n            <a href=\"https:\/\/actu.fr\/auteur\/redaction-paris\" title=\"Consulter tous les articles de R\u00e9daction Paris\" target=\"_blank\" rel=\"noopener\">R\u00e9daction Paris<\/a><br \/>\n        <\/strong><\/p>\n<p>        Publi\u00e9 le<\/p>\n<p>            17 avr. 2025 \u00e0 7h40        <\/p>\n<p>Exit l\u2019ancienne zone industrielle. Place \u00e0 des logements flambant neufs et une \u00e9cole de prestige. Lundi 7\u00a0avril 2025, <a href=\"https:\/\/actu.fr\/tag\/metropole-du-grand-paris\" target=\"_blank\" rel=\"noopener\">la M\u00e9tropole du Grand Paris<\/a> a valid\u00e9 l\u2019op\u00e9ration d\u2019am\u00e9nagement \u00ab\u2009d\u2019int\u00e9r\u00eat m\u00e9tropolitain\u2009\u00bb de <strong>La Molette au <a href=\"https:\/\/actu.fr\/ile-de-france\/le-blanc-mesnil_93007\" target=\"_blank\" rel=\"noopener\">Blanc-Mesnil <\/a><\/strong>(Seine-Saint-Denis). Le projet pr\u00e9voit la transformation de l\u2019ancienne <a href=\"https:\/\/actu.fr\/planete\/solutions\/enquete-comment-depolluer-les-friches-industrielles-fleau-ecologique_44111578.html\" target=\"_blank\" rel=\"noopener\">zone industrielle<\/a> pour en faire <strong>un nouveau c\u0153ur battant de la ville.<\/strong><\/p>\n<p>Un tout nouveau quartier<\/p>\n<p class=\" wall-content\">Au programme\u2009: la construction de nouveaux logements,<strong> 7\u2009000 m\u00b2 de commerces<\/strong> le long de l\u2019avenue et surtout, <strong>un campus priv\u00e9 international trilingue<\/strong>, qui irait de la maternelle au lyc\u00e9e. La <a href=\"https:\/\/actu.fr\/ile-de-france\/issy-les-moulineaux_92040\/halle-eiffel-a-issy-les-moulineaux-decouvrez-les-commercants-du-futur-marche-gourmand_52277123.html\" target=\"_blank\" rel=\"noopener\">halle Eiffel<\/a> sera r\u00e9habilit\u00e9e et 7 hectares de parc seront cr\u00e9\u00e9s. Objectif\u2009: <strong>\u00ab\u2009retrouver un esprit village\u2009\u00bb<\/strong>.<\/p>\n<p class=\" wall-content\">Le campus, priv\u00e9 et s\u00e9lectif, proposera un apprentissage<strong> en fran\u00e7ais, anglais et chinois.<\/strong> Au total, il s\u2019\u00e9tendra sur <strong>4\u2009000 m\u00b2.<\/strong> \u00abL\u2019objectif est de permettre aux enfants blanc-mesnilois d\u2019\u00eatre trilingues avant le baccalaur\u00e9at. Ce projet ne co\u00fbte pas un centime \u00e0 la ville et le co\u00fbt de la scolarit\u00e9 sera comparable \u00e0 celui des \u00e9coles priv\u00e9es des villes environnantes\u2009\u00bb, pr\u00e9cisait la ville en 2024.<\/p>\n<p class=\" wall-content\">Autour, <strong>5\u2009100 nouveaux logements seront cr\u00e9\u00e9s.<\/strong> Une \u00ab\u2009attention particuli\u00e8re\u2009\u00bb sera port\u00e9e \u00e0 \u00ab\u2009l\u2019architecture et la taille des logements b\u00e2tis\u2009\u00bb. Un nouveau groupe scolaire, une nouvelle cr\u00e8che et un nouveau gymnase accompagneront ces constructions.<\/p>\n<p class=\" wall-content\">La construction devrait se r\u00e9aliser en<strong> trois phases.<\/strong> La premi\u00e8re, qui s\u2019\u00e9tendra jusqu\u2019en 2033 comprend la construction du campus priv\u00e9, du groupe scolaire, de la cr\u00e8che et d\u2019environ 1\u2009800 logements. Le campus pourrait \u00eatre le premier \u00e9l\u00e9ment \u00e0 \u00eatre livr\u00e9 d\u00e8s 2029. La seconde, entre 2034 et 2040 pr\u00e9voit la construction de 2\u2009229 logements. La construction du millier de logements restants devrait ensuite s\u2019\u00e9tendre sur la d\u00e9cennie 2040.<\/p>\n<p class=\" wall-content\">Suivez toute l\u2019actualit\u00e9 de vos villes et m\u00e9dias favoris en vous inscrivant \u00e0 <a href=\"https:\/\/moncompte.actu.fr\" title=\"D\u00e9couvez Mon Actu\" rel=\"nofollow noopener\" data-trk=\"{&quot;cta&quot;:{&quot;action&quot;:&quot;https:\\\/\\\/moncompte.actu.fr&quot;,&quot;category&quot;:&quot;mon compte&quot;,&quot;from&quot;:&quot;article footer&quot;,&quot;name&quot;:&quot;Mon actu&quot;,&quot;type&quot;:&quot;cta&quot;}}\" target=\"_blank\">Mon Actu<\/a>.<\/p>\n","protected":false},"excerpt":{"rendered":"Par R\u00e9daction Paris Publi\u00e9 le 17 avr. 2025 \u00e0 7h40 Exit l\u2019ancienne zone industrielle. Place \u00e0 des logements&hellip;\n","protected":false},"author":2,"featured_media":31062,"comment_status":"","ping_status":"","sticky":false,"template":"","format":"standard","meta":{"footnotes":""},"categories":[1888],"tags":[1111,1928,11,1927,1057,1777,674,1011,27,1908,12,1926,626,1925,25,104,1352],"class_list":{"0":"post-31061","1":"post","2":"type-post","3":"status-publish","4":"format-standard","5":"has-post-thumbnail","7":"category-paris","8":"tag-actu","9":"tag-actu-paris","10":"tag-actualites","11":"tag-actualites-paris","12":"tag-education","13":"tag-eu","14":"tag-europe","15":"tag-fr","16":"tag-france","17":"tag-logement","18":"tag-news","19":"tag-news-paris","20":"tag-paris","21":"tag-paris-news","22":"tag-republique-francaise","23":"tag-societe","24":"tag-urbanisme"},"share_on_mastodon":{"url":"https:\/\/pubeurope.com\/@fr\/114351990616765913","error":""},"_links":{"self":[{"href":"https:\/\/www.europesays.com\/fr\/wp-json\/wp\/v2\/posts\/31061","targetHints":{"allow":["GET"]}}],"collection":[{"href":"https:\/\/www.europesays.com\/fr\/wp-json\/wp\/v2\/posts"}],"about":[{"href":"https:\/\/www.europesays.com\/fr\/wp-json\/wp\/v2\/types\/post"}],"author":[{"embeddable":true,"href":"https:\/\/www.europesays.com\/fr\/wp-json\/wp\/v2\/users\/2"}],"replies":[{"embeddable":true,"href":"https:\/\/www.europesays.com\/fr\/wp-json\/wp\/v2\/comments?post=31061"}],"version-history":[{"count":0,"href":"https:\/\/www.europesays.com\/fr\/wp-json\/wp\/v2\/posts\/31061\/revisions"}],"wp:featuredmedia":[{"embeddable":true,"href":"https:\/\/www.europesays.com\/fr\/wp-json\/wp\/v2\/media\/31062"}],"wp:attachment":[{"href":"https:\/\/www.europesays.com\/fr\/wp-json\/wp\/v2\/media?parent=31061"}],"wp:term":[{"taxonomy":"category","embeddable":true,"href":"https:\/\/www.europesays.com\/fr\/wp-json\/wp\/v2\/categories?post=31061"},{"taxonomy":"post_tag","embeddable":true,"href":"https:\/\/www.europesays.com\/fr\/wp-json\/wp\/v2\/tags?post=31061"}],"curies":[{"name":"wp","href":"https:\/\/api.w.org\/{rel}","templated":true}]}}