{"id":310614,"date":"2025-08-11T01:56:11","date_gmt":"2025-08-11T01:56:11","guid":{"rendered":"https:\/\/www.europesays.com\/fr\/310614\/"},"modified":"2025-08-11T01:56:11","modified_gmt":"2025-08-11T01:56:11","slug":"mort-dune-femme-de-20-ans-et-plusieurs-blesses-graves-dont-un-bebe-de-18-mois","status":"publish","type":"post","link":"https:\/\/www.europesays.com\/fr\/310614\/","title":{"rendered":"mort d&rsquo;une femme de 20 ans et plusieurs bless\u00e9s graves dont un b\u00e9b\u00e9 de 18 mois"},"content":{"rendered":"<p class=\"article__intro\">Ce dimanche 10 ao\u00fbt, un grave accident sur l\u2019autoroute A62 entre Bordeaux et Toulouse a co\u00fbt\u00e9 la vie \u00e0 une femme de 20 ans. Trois autres personnes, dont un b\u00e9b\u00e9 de 18 mois, ont \u00e9t\u00e9 gravement bless\u00e9es. Un v\u00e9hicule a effectu\u00e9 plusieurs tonneaux, provoquant une interruption de la circulation pendant plusieurs heures.<\/p>\n<p>\n      L\u2019actu des r\u00e9gions\n    <\/p>\n<p>\n      Chaque jour, un tour d\u2019horizon des principales infos de toutes les r\u00e9gions.\n    <\/p>\n<p>    France T\u00e9l\u00e9visions utilise votre adresse e-mail afin de vous envoyer la newsletter \u00ab\u00a0L\u2019actu des r\u00e9gions\u00a0\u00bb. Vous pouvez vous d\u00e9sinscrire \u00e0 tout moment via le lien en bas de cette newsletter. <a target=\"_blank\" href=\"https:\/\/www.francetelevisions.fr\/groupe\/confidentialite\/politique-de-confidentialite\/politique-de-confidentialite-de-france-televisions-6503\" rel=\"nofollow noopener\">Notre politique de confidentialit\u00e9<\/a><\/p>\n<p>Un dramatique accident s\u2019est produit ce dimanche 10 ao\u00fbt vers 14 heures sur l\u2019autoroute A62 entre Bordeaux et Toulouse, au niveau de la commune de Saint-Michel dans le Tarn-et-Garonne.<\/p>\n<p>Un v\u00e9hicule l\u00e9ger a effectu\u00e9 plusieurs tonneaux, causant un bilan lourd : une jeune femme de 20 ans est d\u00e9c\u00e9d\u00e9e, trois personnes, dont un b\u00e9b\u00e9 de 18 mois, sont en urgence absolue, tandis qu\u2019un enfant de 4 ans est en urgence relative.<\/p>\n<\/p>\n<p>Les secours, mobilis\u00e9s en grand nombre, intervenaient encore pr\u00e8s de trois heures apr\u00e8s l\u2019accident. Deux h\u00e9licopt\u00e8res ont \u00e9t\u00e9 d\u00e9ploy\u00e9s pour soutenir les \u00e9quipes au sol, t\u00e9moignant de la gravit\u00e9 de la situation. Toutes les victimes ont \u00e9t\u00e9 transport\u00e9es \u00e0 l\u2019h\u00f4pital de Purpan, dont deux par h\u00e9licopt\u00e8re.<\/p>\n<p>En raison de l\u2019intervention, la circulation a \u00e9t\u00e9 totalement interrompue en direction de Toulouse apr\u00e8s la sortie n\u00b08 Valence d\u2019Agen pendant une bonne partie de l&rsquo;apr\u00e8s-midi avant de reprendre sur une voie peu avant 18h.<\/p>\n<p>Cette fermeture a provoqu\u00e9 un bouchon de pr\u00e8s de huit kilom\u00e8tres, dans un contexte rendu encore plus difficile par les temp\u00e9ratures estivales avoisinant les 40\u00b0C ce week-end.<\/p>\n","protected":false},"excerpt":{"rendered":"Ce dimanche 10 ao\u00fbt, un grave accident sur l\u2019autoroute A62 entre Bordeaux et Toulouse a co\u00fbt\u00e9 la vie&hellip;\n","protected":false},"author":2,"featured_media":310615,"comment_status":"","ping_status":"","sticky":false,"template":"","format":"standard","meta":{"footnotes":""},"categories":[1888],"tags":[1111,1928,11,1927,1777,674,1011,27,12,1926,626,1925,25],"class_list":{"0":"post-310614","1":"post","2":"type-post","3":"status-publish","4":"format-standard","5":"has-post-thumbnail","7":"category-paris","8":"tag-actu","9":"tag-actu-paris","10":"tag-actualites","11":"tag-actualites-paris","12":"tag-eu","13":"tag-europe","14":"tag-fr","15":"tag-france","16":"tag-news","17":"tag-news-paris","18":"tag-paris","19":"tag-paris-news","20":"tag-republique-francaise"},"share_on_mastodon":{"url":"https:\/\/pubeurope.com\/@fr\/115007650971447830","error":""},"_links":{"self":[{"href":"https:\/\/www.europesays.com\/fr\/wp-json\/wp\/v2\/posts\/310614","targetHints":{"allow":["GET"]}}],"collection":[{"href":"https:\/\/www.europesays.com\/fr\/wp-json\/wp\/v2\/posts"}],"about":[{"href":"https:\/\/www.europesays.com\/fr\/wp-json\/wp\/v2\/types\/post"}],"author":[{"embeddable":true,"href":"https:\/\/www.europesays.com\/fr\/wp-json\/wp\/v2\/users\/2"}],"replies":[{"embeddable":true,"href":"https:\/\/www.europesays.com\/fr\/wp-json\/wp\/v2\/comments?post=310614"}],"version-history":[{"count":0,"href":"https:\/\/www.europesays.com\/fr\/wp-json\/wp\/v2\/posts\/310614\/revisions"}],"wp:featuredmedia":[{"embeddable":true,"href":"https:\/\/www.europesays.com\/fr\/wp-json\/wp\/v2\/media\/310615"}],"wp:attachment":[{"href":"https:\/\/www.europesays.com\/fr\/wp-json\/wp\/v2\/media?parent=310614"}],"wp:term":[{"taxonomy":"category","embeddable":true,"href":"https:\/\/www.europesays.com\/fr\/wp-json\/wp\/v2\/categories?post=310614"},{"taxonomy":"post_tag","embeddable":true,"href":"https:\/\/www.europesays.com\/fr\/wp-json\/wp\/v2\/tags?post=310614"}],"curies":[{"name":"wp","href":"https:\/\/api.w.org\/{rel}","templated":true}]}}