{"id":310616,"date":"2025-08-11T01:57:11","date_gmt":"2025-08-11T01:57:11","guid":{"rendered":"https:\/\/www.europesays.com\/fr\/310616\/"},"modified":"2025-08-11T01:57:11","modified_gmt":"2025-08-11T01:57:11","slug":"florent-pagny-et-vanessa-paradis-ont-vecu-dans-un-appartement-situe-en-plein-paris-details-sur-le-duplex-de-lancien-couple","status":"publish","type":"post","link":"https:\/\/www.europesays.com\/fr\/310616\/","title":{"rendered":"Florent Pagny et Vanessa Paradis ont v\u00e9cu dans un appartement situ\u00e9 en plein Paris, d\u00e9tails sur le \u00ab\u00a0duplex\u00a0\u00bb de l&rsquo;ancien couple"},"content":{"rendered":"<p>Avant de rencontrer leurs conjoints respectifs, Florent Pagny et Vanessa Paradis ont v\u00e9cu une histoire d&rsquo;amour durant trois ans. Le chanteur est justement revenu sur leur idylle dans son livre intitul\u00e9 \u00ab\u00a0Pagny par Florent\u00a0\u00bb publi\u00e9 en avril 2023. Le musicien s&rsquo;est notamment confi\u00e9 au sujet du \u00ab\u00a0duplex\u00a0\u00bb dans lequel ils s&rsquo;\u00e9taient install\u00e9s \u00e0 Paris.<\/p>\n<p>Visage embl\u00e9matique de la chanson fran\u00e7aise depuis plusieurs d\u00e9cennies, <a href=\"https:\/\/www.purepeople.com\/people\/florent-pagny_p135\" rel=\"nofollow noopener\" target=\"_blank\" data-ylk=\"slk:Florent Pagny;elm:context_link;itc:0;sec:content-canvas\" class=\"link \">Florent Pagny<\/a> partage la vie d&rsquo;<a href=\"https:\/\/fr.news.yahoo.com\/florent-pagny-sait-mieux-personne-204700281.html\" data-ylk=\"slk:Azucena Caama\u00f1o;elm:context_link;itc:0;sec:content-canvas;outcm:mb_qualified_link;_E:mb_qualified_link;ct:story;\" class=\"link  yahoo-link\" target=\"_blank\" rel=\"noopener\">Azucena Caama\u00f1o<\/a> depuis 1993. Ensemble, ils ont fond\u00e9 une famille en mettant au monde <a href=\"https:\/\/fr.news.yahoo.com\/a%C3%ABl-fille-florent-pagny-scolaris%C3%A9e-190800637.html\" data-ylk=\"slk:deux filles;elm:context_link;itc:0;sec:content-canvas;outcm:mb_qualified_link;_E:mb_qualified_link;ct:story;\" class=\"link  yahoo-link\" target=\"_blank\" rel=\"noopener\">deux filles<\/a>.<strong> Il y a tout d&rsquo;abord eu Inca en 1996 (29 ans), puis A\u00ebl en 1999 (26 ans)<\/strong>. Mais avant de rencontrer la m\u00e8re de ses enfants, le musicien a fr\u00e9quent\u00e9 un autre grand nom du paysage musical fran\u00e7ais. En effet, Florent Pagny fut en couple avec <a href=\"https:\/\/www.purepeople.com\/people\/vanessa-paradis_p221\" rel=\"nofollow noopener\" target=\"_blank\" data-ylk=\"slk:Vanessa Paradis;elm:context_link;itc:0;sec:content-canvas\" class=\"link \">Vanessa Paradis<\/a> entre 1988 et 1991. Une relation amoureuse qui avait d\u00e9fray\u00e9 la chronique \u00e0 l&rsquo;\u00e9poque, \u00e9tant donn\u00e9 que <strong>la chanteuse \u00e9tait \u00e2g\u00e9e de seulement 15 ans<\/strong>, alors que son compagnon en avait d\u00e9j\u00e0 26. L&rsquo;ancien conjoint de Vanessa Paradis est justement revenu sur leur romance dans son autobiographie Pagny par Florent sortie en avril 2023 aux \u00e9ditions Fayard.<\/p>\n<p>Au sein de cet ouvrage, Florent Pagny a notamment \u00e9voqu\u00e9 <strong>le \u00ab\u00a0<\/strong><strong>duplex<\/strong><strong>\u00a0\u00bb parisien dans lequel il s&rsquo;\u00e9tait install\u00e9 avec la musicienne<\/strong> \u00e0 l&rsquo;\u00e9poque. \u00ab\u00a0Nous d\u00e9m\u00e9nageons de Nogent sans avoir trouv\u00e9 notre futur cocon. Nous sommes alors invit\u00e9s \u00e0 r\u00e9sider chez mon copain Charly. La colocation se passe bien. Charly est un gar\u00e7on plein de charme et d&rsquo;humour. <strong>Mais je dois dire que \u00e7a frotte parfois un peu<\/strong>\u00ab\u00a0, a premi\u00e8rement \u00e9crit le chanteur, afin d&rsquo;apporter un peu de contexte \u00e0 l&rsquo;histoire. \u00ab\u00a0Vanessa et moi restons chez Charly jusqu&rsquo;\u00e0 ce que je trouve un atelier d&rsquo;artiste en sous-location, rue Cassini, pr\u00e8s de l&rsquo;observatoire de Paris, dans le 14e arrondissement. C&rsquo;est un duplex avec une grande verri\u00e8re, <strong>dans un magnifique immeuble des ann\u00e9es 30<\/strong>, comme on en trouve beaucoup dans ce quartier longtemps fr\u00e9quent\u00e9 par les peintres. Nous y resterons un an\u00a0\u00bb, a ensuite ajout\u00e9 celui qui s&rsquo;\u00e9tait vu diagnostiquer un <a href=\"https:\/\/fr.news.yahoo.com\/narrivais-%C3%A0-florent-pagny-r%C3%A9v%C3%A8le-045400367.html\" data-ylk=\"slk:cancer du poumon;elm:context_link;itc:0;sec:content-canvas;outcm:mb_qualified_link;_E:mb_qualified_link;ct:story;\" class=\"link  yahoo-link\" target=\"_blank\" rel=\"noopener\">cancer du poumon<\/a> par ses m\u00e9decins en 2021.<\/p>\n<p>Vanessa Paradis : Florent Pagny raconte comment la chanteuse \u00ab\u00a0est devenue branch\u00e9e apr\u00e8s avoir \u00e9t\u00e9 la ris\u00e9e du show-biz\u00a0\u00bb<\/p>\n<p>\u00ab\u00a0La notori\u00e9t\u00e9 de Vanessa est telle qu&rsquo;il lui est difficile de sortir. <strong>Nous ne sommes tranquilles que chez nous.<\/strong> Alors ce sont les copains qui viennent. Et il y a toujours de quoi faire la f\u00eate ! Les rares fois o\u00f9 nous sortons, c&rsquo;est pour nous rendre \u00e0 des \u00e9v\u00e9nements publics. Car Vanessa est devenue branch\u00e9e. Depuis son succ\u00e8s au cin\u00e9ma, elle est invit\u00e9e partout. Je l&rsquo;accompagne parfois. Tout le monde veut l&rsquo;avoir. Apr\u00e8s avoir \u00e9t\u00e9 la ris\u00e9e du show-biz, e<strong>lle est devenue indispensable \u00e0 toute soir\u00e9e people<\/strong>\u00ab\u00a0, a aussi pr\u00e9cis\u00e9 le chanteur dans son livre. Aujourd&rsquo;hui, Vanessa Paradis a refait sa vie dans les bras du metteur en sc\u00e8ne <a href=\"https:\/\/www.purepeople.com\/people\/samuel-benchetrit_p397\" rel=\"nofollow noopener\" target=\"_blank\" data-ylk=\"slk:Samuel Benchetrit;elm:context_link;itc:0;sec:content-canvas\" class=\"link \">Samuel Benchetrit<\/a>, apr\u00e8s avoir notamment fr\u00e9quent\u00e9 <a href=\"https:\/\/www.purepeople.com\/people\/lenny-kravitz_p248\" rel=\"nofollow noopener\" target=\"_blank\" data-ylk=\"slk:Lenny Kravitz;elm:context_link;itc:0;sec:content-canvas\" class=\"link \">Lenny Kravitz<\/a> et <a href=\"https:\/\/www.purepeople.com\/people\/johnny-depp_p46\" rel=\"nofollow noopener\" target=\"_blank\" data-ylk=\"slk:Johnny Depp;elm:context_link;itc:0;sec:content-canvas\" class=\"link \">Johnny Depp<\/a> apr\u00e8s Florent Pagny.<\/p>\n<p><a href=\"https:\/\/www.purepeople.com\/article\/florent-pagny-et-vanessa-paradis-ont-vecu-dans-un-appartement-situe-en-plein-paris-details-sur-le-duplex-de-lancien-couple_a541308\/1\" rel=\"nofollow noopener\" target=\"_blank\" data-ylk=\"slk:Article original sur Purepeople;elm:context_link;itc:0;sec:content-canvas\" class=\"link \">Article original sur Purepeople<\/a><\/p>\n","protected":false},"excerpt":{"rendered":"Avant de rencontrer leurs conjoints respectifs, Florent Pagny et Vanessa Paradis ont v\u00e9cu une histoire d&rsquo;amour durant trois&hellip;\n","protected":false},"author":2,"featured_media":310617,"comment_status":"","ping_status":"","sticky":false,"template":"","format":"standard","meta":{"footnotes":""},"categories":[1888],"tags":[1111,1928,11,1927,1777,674,3109,1011,27,4006,12,1926,626,1925,25,6966,10245],"class_list":{"0":"post-310616","1":"post","2":"type-post","3":"status-publish","4":"format-standard","5":"has-post-thumbnail","7":"category-paris","8":"tag-actu","9":"tag-actu-paris","10":"tag-actualites","11":"tag-actualites-paris","12":"tag-eu","13":"tag-europe","14":"tag-florent-pagny","15":"tag-fr","16":"tag-france","17":"tag-le-chanteur","18":"tag-news","19":"tag-news-paris","20":"tag-paris","21":"tag-paris-news","22":"tag-republique-francaise","23":"tag-une-histoire-damour","24":"tag-vanessa-paradis"},"share_on_mastodon":{"url":"https:\/\/pubeurope.com\/@fr\/115007654777153100","error":""},"_links":{"self":[{"href":"https:\/\/www.europesays.com\/fr\/wp-json\/wp\/v2\/posts\/310616","targetHints":{"allow":["GET"]}}],"collection":[{"href":"https:\/\/www.europesays.com\/fr\/wp-json\/wp\/v2\/posts"}],"about":[{"href":"https:\/\/www.europesays.com\/fr\/wp-json\/wp\/v2\/types\/post"}],"author":[{"embeddable":true,"href":"https:\/\/www.europesays.com\/fr\/wp-json\/wp\/v2\/users\/2"}],"replies":[{"embeddable":true,"href":"https:\/\/www.europesays.com\/fr\/wp-json\/wp\/v2\/comments?post=310616"}],"version-history":[{"count":0,"href":"https:\/\/www.europesays.com\/fr\/wp-json\/wp\/v2\/posts\/310616\/revisions"}],"wp:featuredmedia":[{"embeddable":true,"href":"https:\/\/www.europesays.com\/fr\/wp-json\/wp\/v2\/media\/310617"}],"wp:attachment":[{"href":"https:\/\/www.europesays.com\/fr\/wp-json\/wp\/v2\/media?parent=310616"}],"wp:term":[{"taxonomy":"category","embeddable":true,"href":"https:\/\/www.europesays.com\/fr\/wp-json\/wp\/v2\/categories?post=310616"},{"taxonomy":"post_tag","embeddable":true,"href":"https:\/\/www.europesays.com\/fr\/wp-json\/wp\/v2\/tags?post=310616"}],"curies":[{"name":"wp","href":"https:\/\/api.w.org\/{rel}","templated":true}]}}