{"id":310626,"date":"2025-08-11T02:02:13","date_gmt":"2025-08-11T02:02:13","guid":{"rendered":"https:\/\/www.europesays.com\/fr\/310626\/"},"modified":"2025-08-11T02:02:13","modified_gmt":"2025-08-11T02:02:13","slug":"decryptage-le-versailles-de-donald-trump","status":"publish","type":"post","link":"https:\/\/www.europesays.com\/fr\/310626\/","title":{"rendered":"D\u00e9cryptage | Le Versailles de Donald Trump"},"content":{"rendered":"<p class=\"lead textModule textModule--type-lead \" style=\"\">(New\u00a0York) Ah\u00a0! Si Barack Obama ne s\u2019\u00e9tait pas moqu\u00e9 de Donald Trump lors du d\u00eener annuel des correspondants de la Maison-Blanche, le 30\u00a0avril\u00a02011, sa cible n\u2019aurait peut-\u00eatre pas song\u00e9 \u00e0 se venger de cette humiliation en briguant la pr\u00e9sidence.<\/p>\n<p>                    Publi\u00e9 \u00e0 21\u00a0h\u00a000<\/p>\n<p>    <a class=\"print\" href=\"https:\/\/www.lapresse.ca\/international\/etats-unis\/2025-08-10\/decryptage\/javascript:window.print();\" title=\"Imprimer la page\" rel=\"nofollow noopener\" target=\"_blank\"><\/p>\n<p>        <img loading=\"lazy\" decoding=\"async\" width=\"16\" height=\"18\" src=\"https:\/\/www.europesays.com\/fr\/wp-content\/uploads\/2025\/04\/share-icon.png\" alt=\"Partager\"\/><\/p>\n<p class=\"paragraph textModule textModule--type-paragraph \" style=\"\">Or, bien avant cette soir\u00e9e, le 44e pr\u00e9sident et ses conseillers ont laiss\u00e9 passer une premi\u00e8re chance de pr\u00e9venir le saut du promoteur immobilier dans l\u2019ar\u00e8ne politique. Ils auraient peut-\u00eatre ainsi \u00e9vit\u00e9, entre autres bouleversements, la transformation de la Maison-Blanche en un Mar-a-Lago ou un Versailles sur le Potomac.<\/p>\n<p class=\"paragraph textModule textModule--type-paragraph \" style=\"\">David Axelrod raconte l\u2019histoire dans ses m\u00e9moires, intitul\u00e9s Believer et publi\u00e9s en 2015. Un jour de 2010, le conseiller de Barack Obama re\u00e7oit un coup de fil de Donald Trump, qui tient alors la vedette de l\u2019\u00e9mission de t\u00e9l\u00e9r\u00e9alit\u00e9 The Apprentice. Ce dernier, apr\u00e8s avoir vitup\u00e9r\u00e9 contre les tentes install\u00e9es \u00e0 l\u2019ext\u00e9rieur de la Maison-Blanche pour un d\u00eener d\u2019\u00c9tat r\u00e9cent, fait une offre inattendue \u00e0 son interlocuteur.<\/p>\n<p class=\"paragraph textModule textModule--type-paragraph \" style=\"\">\u00ab\u00a0Laissez-moi vous construire une salle de bal que vous pourrez monter et d\u00e9monter. Faites-moi confiance. Elle aura fi\u00e8re allure\u00a0\u00bb, dit le futur pr\u00e9sident \u00e0 David Axelrod.<\/p>\n<p class=\"paragraph textModule textModule--type-paragraph \" style=\"\">En f\u00e9vrier\u00a02015, le porte-parole de la Maison-Blanche, Josh Earnest, confirme l\u2019offre de Trump, en donnant \u00e0 entendre que le pr\u00e9sident et ses conseillers ne l\u2019ont pas prise au s\u00e9rieux. \u00ab\u00a0Je ne suis pas s\u00fbr qu\u2019il soit appropri\u00e9 d\u2019avoir une enseigne en or brillant sur quelque partie que ce soit de la Maison-Blanche\u00a0\u00bb, dit-il avec ironie.<\/p>\n<p class=\"epigraph textModule textModule--type-epigraph \" style=\"\">Dix ans plus tard, David Axelrod regrette la fa\u00e7on cavali\u00e8re dont cette offre a \u00e9t\u00e9 trait\u00e9e. De fait, Donald Trump ne l\u2019a jamais dig\u00e9r\u00e9e. \u00c0 l\u2019entendre, elle l\u2019a bless\u00e9e davantage que les moqueries de Barack Obama.<\/p>\n<p class=\"paragraph textModule textModule--type-paragraph \" style=\"\">\u00ab\u00a0J\u2019ai propos\u00e9 de construire une salle de bal. Ils ont refus\u00e9\u00a0\u00bb, a-t-il rappel\u00e9 sur un ton amer en 2016 lors d\u2019un rassemblement en Ohio. \u00ab\u00a0J\u2019allais mettre 100\u00a0millions de dollars pour construire une salle de bal \u00e0 la Maison-Blanche, parce qu\u2019une tente, ce n\u2019est pas terrible.\u00a0\u00bb<\/p>\n<p>                    Lustres et chandeliers dor\u00e9s<\/p>\n<p class=\"paragraph textModule textModule--type-paragraph \" style=\"\">Le successeur de Barack Obama exag\u00e9rait sans doute en disant qu\u2019il \u00e9tait pr\u00eat \u00e0 investir autant d\u2019argent dans ce projet en 2010. Mais l\u2019homme a un certain nombre d\u2019id\u00e9es fixes. Et, le 31\u00a0juillet dernier, la Maison-Blanche a annonc\u00e9 la construction d\u2019une salle de bal que les pr\u00e9sidents \u00ab\u00a0souhaitent ardemment depuis 150\u00a0ans\u00a0\u00bb, peut-on lire dans une d\u00e9claration officielle, mais probablement inexacte.<\/p>\n<p class=\"paragraph textModule textModule--type-paragraph \" style=\"\">Les dimensions de \u00ab\u00a0la salle de bal d\u2019\u00c9tat de la Maison-Blanche\u00a0\u00bb, qui empi\u00e9tera sur l\u2019aile Est de la Maison-Blanche, sont \u00e0 couper le souffle\u00a0: 8400\u00a0m\u20602, soit pr\u00e8s du double de la taille de la r\u00e9sidence pr\u00e9sidentielle actuelle, avec une capacit\u00e9 d\u2019environ 650\u00a0personnes.<\/p>\n<p>                                        <img decoding=\"async\" src=\"https:\/\/www.europesays.com\/fr\/wp-content\/uploads\/2025\/08\/9d26ce71c55a33888737db8fbc23bc2a.jpg\" alt=\"\" class=\"photoModule__visual\" itemprop=\"contentUrl url\"\/><\/p>\n<p class=\"credit photoModule__caption photoModule__caption--credit\" style=\"\">\n                    IMAGE FOURNIE PAR LA MAISON-BLANCHE\n                <\/p>\n<p class=\"description photoModule__caption photoModule__caption--description\" style=\"\">\n                    Image conceptuelle de l\u2019int\u00e9rieur de la salle de bal\n                <\/p>\n<p class=\"paragraph textModule textModule--type-paragraph \" style=\"\">\u00c0 en juger par les visuels diffus\u00e9s par la Maison-Blanche, l\u2019espace aura un air familier pour les habitu\u00e9s de la salle de bal de Mar-a-Lago, club priv\u00e9 de Donald Trump \u00e0 Palm Beach\u00a0: fen\u00eatres cintr\u00e9es, lustres et chandeliers dor\u00e9s, colonnes cannel\u00e9es et plafonds dot\u00e9s de moulures sym\u00e9triques\u2026 et dor\u00e9es.<\/p>\n<p class=\"epigraph textModule textModule--type-epigraph \" style=\"\">Co\u00fbt du projet\u00a0: 200\u00a0millions de dollars, qui seront d\u00e9bours\u00e9s par Donald Trump et des donateurs priv\u00e9s, selon la Maison-Blanche. Fin pr\u00e9vue de la construction\u00a0: \u00ab\u00a0bien avant 2029\u00a0\u00bb, a dit la porte-parole de la pr\u00e9sidence, Karoline Leavitt.<\/p>\n<p class=\"paragraph textModule textModule--type-paragraph \" style=\"\">Cette salle de bal s\u2019ajoutera aux efforts d\u00e9j\u00e0 d\u00e9ploy\u00e9s par Donald Trump pour laisser sa marque ind\u00e9l\u00e9bile sur l\u2019un des \u00e9difices les plus c\u00e9l\u00e8bres au monde, inaugur\u00e9 le 1er\u00a0novembre\u00a01800 sous John Adams, deuxi\u00e8me pr\u00e9sident. La semaine derni\u00e8re, le 47e\u00a0pr\u00e9sident a d\u00e9voil\u00e9 avec fiert\u00e9 le nouveau patio qui recouvre d\u00e9sormais la pelouse de la Roseraie de la Maison-Blanche. Patio qui ressemble aussi \u00e0 celui de Mar-a-Lago avec ses chaises blanches et ses parasols jaunes.<\/p>\n<p class=\"paragraph textModule textModule--type-paragraph \" style=\"\">Un mois plus t\u00f4t, Donald Trump avait supervis\u00e9 l\u2019installation, sur les pelouses Nord et Sud de la Maison-Blanche, de deux m\u00e2ts de 27\u00a0m\u00e8tres au sommet desquels flottent d\u00e9sormais d\u2019immenses drapeaux am\u00e9ricains.<\/p>\n<p class=\"paragraph textModule textModule--type-paragraph \" style=\"\">Et il semble ajouter chaque jour de nouvelles dorures au d\u00e9cor rococo du bureau Ovale.<\/p>\n<p>                    De Louis\u00a0XIV \u00e0 Marie-Antoinette<\/p>\n<p class=\"paragraph textModule textModule--type-paragraph \" style=\"\">Or, contrairement \u00e0 ces ajouts et ornements, la salle de bal, si elle est construite selon les dimensions d\u00e9voil\u00e9es, pourra difficilement \u00eatre enlev\u00e9e ou retir\u00e9e par un des successeurs de Donald Trump. D\u2019o\u00f9 les r\u00e9serves des puristes, dont Martha Joynt Kumar, professeure \u00e9m\u00e9rite de sciences politiques \u00e0 l\u2019Universit\u00e9 de Towson et sp\u00e9cialiste de la pr\u00e9sidence.<\/p>\n<p class=\"paragraph textModule textModule--type-paragraph \" style=\"\">\u00ab\u00a0Lorsque l\u2019aile Ouest [o\u00f9 se trouve le bureau Ovale] a \u00e9t\u00e9 construite sous l\u2019administration de Theodore Roosevelt, l\u2019architecte Charles McKim, peut-\u00eatre le plus c\u00e9l\u00e8bre de son \u00e9poque, s\u2019est donn\u00e9 beaucoup de mal pour s\u2019assurer qu\u2019elle n\u2019aurait pas d\u2019impact sur la vue. Elle ne dominait en aucune fa\u00e7on le b\u00e2timent original. Dans le cas de la salle de bal propos\u00e9e, c\u2019est une question d\u2019harmonie et d\u2019\u00e9quilibre. C\u2019est une addition tr\u00e8s importante\u00a0\u00bb, dit la politologue retrait\u00e9e, qui se garde cependant de porter un jugement d\u00e9finitif avant d\u2019avoir vu les plans finaux de Jim McCrery, l\u2019architecte embauch\u00e9 par Donald Trump.<\/p>\n<p class=\"paragraph textModule textModule--type-paragraph \" style=\"\">Idem pour Stewart McLaurin, pr\u00e9sident de l\u2019Association historique de la Maison-Blanche. \u00ab\u00a0Le portique Sud, le portique Nord, l\u2019aile Est et l\u2019aile Ouest, ainsi que le balcon Truman, ont tous suscit\u00e9 des inqui\u00e9tudes \u00e0 l\u2019\u00e9poque, mais aujourd\u2019hui, nous ne pouvons pas imaginer la Maison-Blanche sans ces \u00e9l\u00e9ments embl\u00e9matiques\u00a0\u00bb, affirme-t-il par voie de communiqu\u00e9.<\/p>\n<p class=\"epigraph textModule textModule--type-epigraph \" style=\"\">Les internautes sont moins circonspects. Depuis le d\u00e9voilement du projet de construction d\u2019une vaste salle de bal dor\u00e9e \u00e0 la Maison-Blanche, ils multiplient les m\u00e8mes comparant Donald Trump \u00e0 Louis\u00a0XIV ou le pr\u00e9sentant sous les atours de Marie-Antoinette.<\/p>\n<p class=\"paragraph textModule textModule--type-paragraph \" style=\"\">Le dernier mot reviendra peut-\u00eatre \u00e0 Robert Wellington, historien et th\u00e9oricien de l\u2019art. Ce sp\u00e9cialiste de la cour du Roi-Soleil fera para\u00eetre en octobre un livre intitul\u00e9 Versailles Mirrored\u00a0: Power of Luxury, Louis XIV to Donald Trump (Versailles refl\u00e9t\u00e9\u00a0: le pouvoir du luxe, de Louis\u00a0XIV \u00e0 Donald Trump).<\/p>\n<p class=\"paragraph textModule textModule--type-paragraph \" style=\"\">Dans cet ouvrage, l\u2019auteur expliquera que les symboles de pouvoir, de magnificence et de r\u00e9ussite dont Donald Trump aime s\u2019entourer, de Mar-a-Lago \u00e0 la Maison-Blanche, ne sont que mystification, au m\u00eame titre que Versailles.<\/p>\n","protected":false},"excerpt":{"rendered":"(New\u00a0York) Ah\u00a0! Si Barack Obama ne s\u2019\u00e9tait pas moqu\u00e9 de Donald Trump lors du d\u00eener annuel des correspondants&hellip;\n","protected":false},"author":2,"featured_media":310627,"comment_status":"","ping_status":"","sticky":false,"template":"","format":"standard","meta":{"footnotes":""},"categories":[1589],"tags":[11,73,1866,12,1864,1865,1863,308],"class_list":{"0":"post-310626","1":"post","2":"type-post","3":"status-publish","4":"format-standard","5":"has-post-thumbnail","7":"category-etats-unis","8":"tag-actualites","9":"tag-etats-unis","10":"tag-etats-unis-damerique","11":"tag-news","12":"tag-united-states","13":"tag-united-states-of-america","14":"tag-us","15":"tag-usa"},"share_on_mastodon":{"url":"https:\/\/pubeurope.com\/@fr\/115007674608036166","error":""},"_links":{"self":[{"href":"https:\/\/www.europesays.com\/fr\/wp-json\/wp\/v2\/posts\/310626","targetHints":{"allow":["GET"]}}],"collection":[{"href":"https:\/\/www.europesays.com\/fr\/wp-json\/wp\/v2\/posts"}],"about":[{"href":"https:\/\/www.europesays.com\/fr\/wp-json\/wp\/v2\/types\/post"}],"author":[{"embeddable":true,"href":"https:\/\/www.europesays.com\/fr\/wp-json\/wp\/v2\/users\/2"}],"replies":[{"embeddable":true,"href":"https:\/\/www.europesays.com\/fr\/wp-json\/wp\/v2\/comments?post=310626"}],"version-history":[{"count":0,"href":"https:\/\/www.europesays.com\/fr\/wp-json\/wp\/v2\/posts\/310626\/revisions"}],"wp:featuredmedia":[{"embeddable":true,"href":"https:\/\/www.europesays.com\/fr\/wp-json\/wp\/v2\/media\/310627"}],"wp:attachment":[{"href":"https:\/\/www.europesays.com\/fr\/wp-json\/wp\/v2\/media?parent=310626"}],"wp:term":[{"taxonomy":"category","embeddable":true,"href":"https:\/\/www.europesays.com\/fr\/wp-json\/wp\/v2\/categories?post=310626"},{"taxonomy":"post_tag","embeddable":true,"href":"https:\/\/www.europesays.com\/fr\/wp-json\/wp\/v2\/tags?post=310626"}],"curies":[{"name":"wp","href":"https:\/\/api.w.org\/{rel}","templated":true}]}}