{"id":310644,"date":"2025-08-11T02:12:15","date_gmt":"2025-08-11T02:12:15","guid":{"rendered":"https:\/\/www.europesays.com\/fr\/310644\/"},"modified":"2025-08-11T02:12:15","modified_gmt":"2025-08-11T02:12:15","slug":"rugby-a-xiii-les-dragons-catalans-un-mauvais-eleve-en-perdition","status":"publish","type":"post","link":"https:\/\/www.europesays.com\/fr\/310644\/","title":{"rendered":"Rugby \u00e0 XIII\u00a0: les Dragons Catalans, un mauvais \u00e9l\u00e8ve en perdition"},"content":{"rendered":"<p>\n                                                                Battus 18-6 \u00e0 Huddersfield samedi, les Dragons Catalans ont confirm\u00e9 leur chute au classement. Une neuvi\u00e8me place qui est la plus haute marche qu\u2019ils peuvent esp\u00e9rer en \u00e9voluant de la sorte.\n                            <\/p>\n<p>Cette \u00e9quipe pensait avoir touch\u00e9 le fond \u00e0 Hull KR ou \u00e0 domicile face \u00e0 Hull FC et Wigan. Mais samedi, face \u00e0 une \u00e9quipe des Giants, \u00e0 peine meilleure qu\u2019eux, ils ont touch\u00e9 le fond. Un collectif sans \u00e2me et avec encore moins d\u2019\u00e9nergie. Des joueurs qui font le dos rond en attendant que \u00e7a passe, que la saison en enfer se termine. Un juste constat pour ce groupe qui \u00e9tait pourtant jug\u00e9 sur le papier pour jouer les premiers r\u00f4les. Sauf que la r\u00e9alit\u00e9 est l\u00e0 et qu\u2019elle est trop loin du niveau des meilleurs et m\u00eame des \u00e9quipes moyennes.<\/p>\n<p>\u00ab\u00a0Il y a cette anxi\u00e9t\u00e9 qui se construit en tant qu\u2019\u00e9quipe et en tant que club. \u00c7a passe de la pr\u00e9sidence \u00e0 moi et aux joueurs. On est tous anxieux et nerveux. Parce qu\u2019on sait combien \u00e7a signifie pour nos supporters, nos sponsors, nos fans, qu\u2019on obtienne des r\u00e9sultats\u00a0\u00bb a pest\u00e9 Joel Tomkins qui a constat\u00e9 encore une fois les failles individuelles et ses gar\u00e7ons trop loin du niveau qui est le leur.<\/p>\n<p>\u00a0<\/p>\n<p class=\"std-elt__inline\">\n        <strong>\u00c0 lire aussi :<\/strong><br \/>\n        <a href=\"https:\/\/www.lindependant.fr\/2025\/08\/09\/rugby-a-xiii-les-dragons-catalans-toujours-aux-abonnes-absents-12868365.php\" rel=\"nofollow noopener\" target=\"_blank\">Rugby \u00e0 XIII\u00a0: Les Dragons Catalans toujours aux abonn\u00e9s absents<\/a>\n    <\/p>\n<p>\u00ab\u00a0Nous ne\u00a0sommes\u00a0pas dans une position unique, mais probablement une position assez rare, o\u00f9 on a 14 joueurs qui partent du club \u00e0 la fin de l\u2019ann\u00e9e. On a beaucoup de nouveaux joueurs qui arrivent l\u2019ann\u00e9e prochaine. On ne peut pas faire les play-offs. Notre saison est morte\u00a0\u00bb, a rappel\u00e9 l\u2019a\u00een\u00e9 des fr\u00e8res Tomkins qui n\u2019arrive pas \u00e0 tirer le meilleur de ses joueurs et \u00e0 activer les leviers n\u00e9cessaires.<\/p>\n<p>\u00ab\u00a0En tant qu\u2019individus, les joueurs doivent trouver de la motivation personnelle et de la fiert\u00e9 personnelle dans leur propre performance. C\u2019est mon travail en tant que coach de construire \u00e7a. Mais aussi, individuellement, les joueurs doivent vouloir se d\u00e9fendre\u00a0\u00bb a-t-il soulev\u00e9.<\/p>\n<blockquote>\n<p>Ils doivent \u00eatre pr\u00eats \u00e0 sortir et \u00e0 mettre leur corps en opposition<\/p>\n<\/blockquote>\n<p>Effectivement, samedi, les Catalans ont rendu l\u2019une des plus mauvaises copies de leur histoire. Et le constat individuel et collectif doit \u00eatre fait aujourd\u2019hui pour construire demain. \u00c0 six journ\u00e9es de la fin, Joel Tomkins doit maintenant accorder du temps de jeu aux plus motiv\u00e9s. L\u2019heure de voir les Tison, Descalzi, Martin, Marc, Tignol est arriv\u00e9e. Parce qu\u2019il faut savoir o\u00f9 se situent ces jeunes, eux qui repr\u00e9sentent le futur et si \u00e7a ne le fait pas, le club devra agir en cons\u00e9quence. \u00ab\u00a0Nos joueurs\u00a0doivent s\u2019engager pleinement. Ils doivent \u00eatre pr\u00eats \u00e0 sortir et \u00e0 \u00eatre bless\u00e9s pour emp\u00eacher un essai. Ils doivent \u00eatre pr\u00eats \u00e0 sortir et \u00e0 mettre leur corps en opposition. C\u2019est mon travail de construire \u00e7a au sein de l\u2019\u00e9quipe, mais je pense qu\u2019ils doivent aussi prendre des responsabilit\u00e9s\u00a0\u00bb a d\u2019ailleurs appuy\u00e9 Joel Tomkins qui avait encore la mine des mauvais jours dimanche matin \u00e0 l\u2019heure du petit d\u00e9jeuner.<\/p>\n<p>Jeudi \u00e0 Warrington, le club fera sans Sam Tomkins (genou), Julian Bousquet (genou) et Elliott Whitehead. L\u00e9o Darr\u00e9latour (c\u00f4tes) est incertain, tout comme Reimis Smith et Nick Cotrix pas press\u00e9s de retrouver la comp\u00e9tition. Quid de Tevita Pangai Junior\u00a0? Seul Joel Tomkins a la r\u00e9ponse pour d\u00e9cider de sa participation ou pas au prochain d\u00e9placement.<br \/>En attendant, l\u2019encadrement doit anticiper en n\u2019alignant \u00e0 Warrington que les plus volontaires d\u2019un moment forc\u00e9ment difficile comme de nombreux clubs en ont connu avant eux.<\/p>\n","protected":false},"excerpt":{"rendered":"Battus 18-6 \u00e0 Huddersfield samedi, les Dragons Catalans ont confirm\u00e9 leur chute au classement. Une neuvi\u00e8me place qui&hellip;\n","protected":false},"author":2,"featured_media":310645,"comment_status":"","ping_status":"","sticky":false,"template":"","format":"standard","meta":{"footnotes":""},"categories":[1416],"tags":[1011,27,479,1468,60],"class_list":{"0":"post-310644","1":"post","2":"type-post","3":"status-publish","4":"format-standard","5":"has-post-thumbnail","7":"category-rugby","8":"tag-fr","9":"tag-france","10":"tag-rugby","11":"tag-rugby-football","12":"tag-sports"},"share_on_mastodon":{"url":"https:\/\/pubeurope.com\/@fr\/115007713643526056","error":""},"_links":{"self":[{"href":"https:\/\/www.europesays.com\/fr\/wp-json\/wp\/v2\/posts\/310644","targetHints":{"allow":["GET"]}}],"collection":[{"href":"https:\/\/www.europesays.com\/fr\/wp-json\/wp\/v2\/posts"}],"about":[{"href":"https:\/\/www.europesays.com\/fr\/wp-json\/wp\/v2\/types\/post"}],"author":[{"embeddable":true,"href":"https:\/\/www.europesays.com\/fr\/wp-json\/wp\/v2\/users\/2"}],"replies":[{"embeddable":true,"href":"https:\/\/www.europesays.com\/fr\/wp-json\/wp\/v2\/comments?post=310644"}],"version-history":[{"count":0,"href":"https:\/\/www.europesays.com\/fr\/wp-json\/wp\/v2\/posts\/310644\/revisions"}],"wp:featuredmedia":[{"embeddable":true,"href":"https:\/\/www.europesays.com\/fr\/wp-json\/wp\/v2\/media\/310645"}],"wp:attachment":[{"href":"https:\/\/www.europesays.com\/fr\/wp-json\/wp\/v2\/media?parent=310644"}],"wp:term":[{"taxonomy":"category","embeddable":true,"href":"https:\/\/www.europesays.com\/fr\/wp-json\/wp\/v2\/categories?post=310644"},{"taxonomy":"post_tag","embeddable":true,"href":"https:\/\/www.europesays.com\/fr\/wp-json\/wp\/v2\/tags?post=310644"}],"curies":[{"name":"wp","href":"https:\/\/api.w.org\/{rel}","templated":true}]}}