{"id":310650,"date":"2025-08-11T02:16:15","date_gmt":"2025-08-11T02:16:15","guid":{"rendered":"https:\/\/www.europesays.com\/fr\/310650\/"},"modified":"2025-08-11T02:16:15","modified_gmt":"2025-08-11T02:16:15","slug":"habib-beye-om-la-grosse-annonce","status":"publish","type":"post","link":"https:\/\/www.europesays.com\/fr\/310650\/","title":{"rendered":"Habib Beye &#8211; OM : La grosse annonce !"},"content":{"rendered":"<p>                    Arthur Montagne<br \/>\n                        &#8211;<\/p>\n<p>Journaliste<\/p>\n<p>Affam\u00e9 de sport, il a grandi au son des moteurs de Formule 1 et des exploits de Ronaldinho. Aujourd\u2019hui, diplom\u00e9 d&rsquo;un Master de journalisme de sport, il ne rate plus un Grand Prix de F1 ni un match du PSG, ses deux passions et sp\u00e9cialit\u00e9s<\/p>\n<p class=\"heading\">Alors que la pr\u00e9paration estivale touche \u00e0 sa fin, la Ligue 1 va reprendre ses droits d\u00e8s vendredi soir par un choc entre le Stade Rennais et l&rsquo;OM. L&rsquo;occasion pour Habib Beye d&rsquo;affronter son ancien club, mais le coach breton n&rsquo;a aucune intention de faire des cadeaux aux Marseillais.<\/p>\n<p>La saison de <strong>Ligue 1 <\/strong>reprend ses droits vendredi soir avec un premier choc opposant le <strong>Stade Rennais<\/strong> \u00e0 l&rsquo;<a href=\"https:\/\/le10sport.com\/football\/ligue1\/om\/transferts-un-attaquant-a-lom-il-dit-oui-753740\" rel=\"nofollow noopener\" target=\"_blank\">OM<\/a>. Une rencontre tr\u00e8s attendue puisque le club phoc\u00e9en a effectu\u00e9 un tr\u00e8s gros mercato et se projette sur cette saison avec ambition. Mais les Rennais, qui ont accueilli <strong>Quentin Merlin<\/strong> et <strong>Valentin Rongier<\/strong> cet \u00e9t\u00e9, ne comptent pas se laisser faire.<\/p>\n<p>                                            Beye pr\u00e9vient l&rsquo;OM !<\/p>\n<p>C&rsquo;est d&rsquo;ailleurs ce qu&rsquo;a affirm\u00e9 <strong>Habib Beye<\/strong>, lui aussi tr\u00e8s ambitieux pour cette saison. \u00ab Le plus important dans cette pr\u00e9paration est la mont\u00e9e en puissance. L\u2019\u00e9quipe est en progression sur certains aspects. Mais on doit faire un peu plus mal \u00e0 l\u2019adversaire \u00bb, assure l&rsquo;entra\u00eeneur du <strong>Stade Rennais<\/strong> dans des propos rapport\u00e9s par L&rsquo;EQUIPE avant de se focaliser sur le choc face \u00e0 l&rsquo;<strong>OM<\/strong>.<\/p>\n<p>                                            \u00abOn est pr\u00eats \u00e0 les regarder dans les yeux\u00bb<\/p>\n<p>\u00ab Il faudra \u00eatre hyper concentr\u00e9s, sinon on sera punis. C\u2019est une \u00e9quipe qui prend tout ce que vous lui donnez. On est pr\u00eats \u00e0 les regarder dans les yeux et \u00e0 rivaliser. L\u2019adversit\u00e9 de vendredi sera pr\u00e9sente. Marseille est un gros de ce Championnat \u00bb, ajoute <strong>Habib Beye<\/strong>.<\/p>\n","protected":false},"excerpt":{"rendered":"Arthur Montagne &#8211; Journaliste Affam\u00e9 de sport, il a grandi au son des moteurs de Formule 1 et&hellip;\n","protected":false},"author":2,"featured_media":310651,"comment_status":"","ping_status":"","sticky":false,"template":"","format":"standard","meta":{"footnotes":""},"categories":[1412],"tags":[1451,1452,1453,1454,1455,1011,27,60],"class_list":{"0":"post-310650","1":"post","2":"type-post","3":"status-publish","4":"format-standard","5":"has-post-thumbnail","7":"category-f1","8":"tag-f1","9":"tag-formula-1","10":"tag-formula1","11":"tag-formule-1","12":"tag-formule1","13":"tag-fr","14":"tag-france","15":"tag-sports"},"share_on_mastodon":{"url":"https:\/\/pubeurope.com\/@fr\/115007729439742211","error":""},"_links":{"self":[{"href":"https:\/\/www.europesays.com\/fr\/wp-json\/wp\/v2\/posts\/310650","targetHints":{"allow":["GET"]}}],"collection":[{"href":"https:\/\/www.europesays.com\/fr\/wp-json\/wp\/v2\/posts"}],"about":[{"href":"https:\/\/www.europesays.com\/fr\/wp-json\/wp\/v2\/types\/post"}],"author":[{"embeddable":true,"href":"https:\/\/www.europesays.com\/fr\/wp-json\/wp\/v2\/users\/2"}],"replies":[{"embeddable":true,"href":"https:\/\/www.europesays.com\/fr\/wp-json\/wp\/v2\/comments?post=310650"}],"version-history":[{"count":0,"href":"https:\/\/www.europesays.com\/fr\/wp-json\/wp\/v2\/posts\/310650\/revisions"}],"wp:featuredmedia":[{"embeddable":true,"href":"https:\/\/www.europesays.com\/fr\/wp-json\/wp\/v2\/media\/310651"}],"wp:attachment":[{"href":"https:\/\/www.europesays.com\/fr\/wp-json\/wp\/v2\/media?parent=310650"}],"wp:term":[{"taxonomy":"category","embeddable":true,"href":"https:\/\/www.europesays.com\/fr\/wp-json\/wp\/v2\/categories?post=310650"},{"taxonomy":"post_tag","embeddable":true,"href":"https:\/\/www.europesays.com\/fr\/wp-json\/wp\/v2\/tags?post=310650"}],"curies":[{"name":"wp","href":"https:\/\/api.w.org\/{rel}","templated":true}]}}