{"id":310660,"date":"2025-08-11T02:22:29","date_gmt":"2025-08-11T02:22:29","guid":{"rendered":"https:\/\/www.europesays.com\/fr\/310660\/"},"modified":"2025-08-11T02:22:29","modified_gmt":"2025-08-11T02:22:29","slug":"w9-va-diffuser-85-episodes-de-malcolm-en-une-semaine-a-partir-de-demain","status":"publish","type":"post","link":"https:\/\/www.europesays.com\/fr\/310660\/","title":{"rendered":"W9 va diffuser 85 \u00e9pisodes de Malcolm en une semaine \u00e0 partir de demain !"},"content":{"rendered":"<p>A la t\u00e9l\u00e9vision, l&rsquo;\u00e9t\u00e9 a toujours \u00e9t\u00e9 une p\u00e9riode propice aux multiples rediffusions. W9 ne fait pas exception en la mati\u00e8re et elle propose depuis plusieurs semaines un v\u00e9ritable marathon autour de la s\u00e9rie culte Malcolm. Que les fans s&rsquo;accrochent bien \u00e0 leur canap\u00e9 car la cadence va encore augmenter la semaine prochaine !<\/p>\n<p>Depuis le lundi 7 juillet 2025, la s\u00e9rie <b>Malcolm<\/b>, port\u00e9e notamment par Frankie Muniz et Bryan Cranston, a repris ses quartiers sur W9. Chaque jour de la semaine, entre 12h50 et 19h50 &#8211; c&rsquo;est-\u00e0-dire pas moins de sept heures d&rsquo;affil\u00e9e &#8211; un v\u00e9ritable marathon de la fiction est lanc\u00e9. \u00c0 ce rythme effr\u00e9n\u00e9, la cha\u00eene a rediffus\u00e9 pas moins de 75 \u00e9pisodes (soit 15 \u00e9pisodes en moyenne par jour) chaque semaine depuis le 7 juillet. Quant \u00e0 l&rsquo;ordre de passage de ces \u00e9pisodes, bien malin celui qui pourrait trouver un semblant de logique l\u00e0-dedans.<\/p>\n<p>Malcolm : La suite de la s\u00e9rie est en bonne voie<\/p>\n<p>Au mois de mai 2025, <a href=\"https:\/\/www.programme-tv.net\/news\/evenement\/disney-plus-streaming\/379086-malcolm-de-retour-frankie-muniz-annonce-la-fin-du-tournage-du-reboot-de-la-serie-culte\/\" data-api-deeplink=\"teleloisirs:\/\/news\/379086\" target=\"_blank\" rel=\"noopener\">Frankie Muniz a annonc\u00e9 que le tournage de la suite de la s\u00e9rie Malcolm<\/a> \u00e9tait termin\u00e9. <a href=\"https:\/\/www.programme-tv.net\/news\/evenement\/disney-plus-streaming\/375463-malcolm-ce-que-l-on-sait-sur-le-retour-de-la-serie-culte\/\" data-api-deeplink=\"teleloisirs:\/\/news\/375463\" target=\"_blank\" rel=\"noopener\">Cette nouvelle s\u00e9rie, qui sera propos\u00e9e sur <b>Disney+<\/b><\/a>, devrait r\u00e9unir les personnages principaux comme Malcolm, ses parents Hal (<a href=\"https:\/\/www.programme-tv.net\/news\/evenement\/disney-plus-streaming\/379757-malcolm-voir-toute-ma-famille-reunie-bryan-cranston-reagit-au-retour-de-la-serie-dont-l-un-des-acteurs-phares-manque-pourtant-a-l-appel\/\" data-api-deeplink=\"teleloisirs:\/\/news\/379757\" target=\"_blank\" rel=\"noopener\">Bryan Cranston, tr\u00e8s \u00e9mu de retrouver ses partenaires de jeu<\/a>) et Lois (<a href=\"https:\/\/www.programme-tv.net\/biographie\/1122-kaczmarek-jane\/\" data-link-people=\"f463eda3-e2bb-40a7-9c2d-a636a12d23d8\" target=\"_blank\" rel=\"noopener\">Jane Kaczmarek<\/a>), ainsi que ses fr\u00e8res Reese (<a href=\"https:\/\/www.programme-tv.net\/biographie\/1182-berfield-justin\/\" data-link-people=\"7fa483de-8eae-4d9b-a1ec-e7cf1fd2b944\" target=\"_blank\" rel=\"noopener\">Justin Berfield<\/a>) et Francis (<a href=\"https:\/\/www.programme-tv.net\/news\/evenement\/disney-plus-streaming\/359703-malcolm-que-devient-christopher-masterson-qui-jouait-francis-le-frere-aine\/\" data-api-deeplink=\"teleloisirs:\/\/news\/359703\" target=\"_blank\" rel=\"noopener\">Christopher Kennedy Masterson<\/a>). En revanche, il y a aura un <a href=\"https:\/\/www.programme-tv.net\/news\/series-tv\/380955-malcolm-on-sait-enfin-pourquoi-erik-per-sullivan-dewey-a-refuse-de-jouer-dans-la-suite-et-meme-bryan-cranston-hal-n-a-pas-reussi-a-le-convaincre\/\" data-api-deeplink=\"teleloisirs:\/\/news\/380955\" target=\"_blank\" rel=\"noopener\">grand absent dans la suite de cette s\u00e9rie culte : l&rsquo;acteur Erik Per Sullivan<\/a>. L&rsquo;interpr\u00e8te de l&rsquo;inimitable Dewey n&rsquo;a pas souhait\u00e9 reprendre son r\u00f4le, et m\u00eame Bryan Cranston n&rsquo;est pas parvenu \u00e0 le convaincre de changer d&rsquo;avis. Apr\u00e8s la fin de Malcolm en 2006, Erik Per Sullivan a encore particip\u00e9 \u00e0 quelques films jusqu&rsquo;en 2010. Depuis, il a repris des \u00e9tudes qu&rsquo;il poursuit \u00e0 Harvard.<\/p>\n<p>                        Malcolm : Pr\u00e9parez-vous pour 85 \u00e9pisodes de la s\u00e9rie cette semaine !<\/p>\n<p>Du lundi 11 ao\u00fbt au vendredi 15 ao\u00fbt 2025, W9 acc\u00e9l\u00e8re le rythme de rediffusion de la s\u00e9rie Malcolm. Aux 75 \u00e9pisodes rediffus\u00e9s ces derni\u00e8res semaines, la cha\u00eene en propose 10 de plus, soit deux \u00e9pisodes suppl\u00e9mentaires chaque soir, l&rsquo;un programm\u00e9 \u00e0 19h50 et le deuxi\u00e8me \u00e0 20h20. Mais \u00e0 partir du 18 ao\u00fbt, \u00ab\u00a0retour \u00e0 la normale\u00a0\u00bb avec 75 \u00e9pisodes dans la semaine. En effet, W9 lance une nouvelle saison in\u00e9dite de son \u00e9mission <a href=\"https:\/\/www.programme-tv.net\/news\/tele-realite\/384331-les-cinquante-la-production-change-les-regles-pour-les-candidats-de-la-saison-4\/\" data-api-deeplink=\"teleloisirs:\/\/news\/384331\" target=\"_blank\" rel=\"noopener\">Les Cinquante<\/a> \u00e0 partir du lundi 18 ao\u00fbt \u00e0 19h50.<\/p>\n","protected":false},"excerpt":{"rendered":"A la t\u00e9l\u00e9vision, l&rsquo;\u00e9t\u00e9 a toujours \u00e9t\u00e9 une p\u00e9riode propice aux multiples rediffusions. W9 ne fait pas exception&hellip;\n","protected":false},"author":2,"featured_media":310661,"comment_status":"","ping_status":"","sticky":false,"template":"","format":"standard","meta":{"footnotes":""},"categories":[1356],"tags":[45074,244,58,59,1011,27,45073,30828,4496,252,1364,2395],"class_list":{"0":"post-310660","1":"post","2":"type-post","3":"status-publish","4":"format-standard","5":"has-post-thumbnail","7":"category-television","8":"tag-bryan-cranston","9":"tag-commentaire","10":"tag-divertissement","11":"tag-entertainment","12":"tag-fr","13":"tag-france","14":"tag-frankie-muniz","15":"tag-malcolm","16":"tag-superstream","17":"tag-television","18":"tag-tv","19":"tag-w9"},"share_on_mastodon":{"url":"https:\/\/pubeurope.com\/@fr\/115007753017016646","error":""},"_links":{"self":[{"href":"https:\/\/www.europesays.com\/fr\/wp-json\/wp\/v2\/posts\/310660","targetHints":{"allow":["GET"]}}],"collection":[{"href":"https:\/\/www.europesays.com\/fr\/wp-json\/wp\/v2\/posts"}],"about":[{"href":"https:\/\/www.europesays.com\/fr\/wp-json\/wp\/v2\/types\/post"}],"author":[{"embeddable":true,"href":"https:\/\/www.europesays.com\/fr\/wp-json\/wp\/v2\/users\/2"}],"replies":[{"embeddable":true,"href":"https:\/\/www.europesays.com\/fr\/wp-json\/wp\/v2\/comments?post=310660"}],"version-history":[{"count":0,"href":"https:\/\/www.europesays.com\/fr\/wp-json\/wp\/v2\/posts\/310660\/revisions"}],"wp:featuredmedia":[{"embeddable":true,"href":"https:\/\/www.europesays.com\/fr\/wp-json\/wp\/v2\/media\/310661"}],"wp:attachment":[{"href":"https:\/\/www.europesays.com\/fr\/wp-json\/wp\/v2\/media?parent=310660"}],"wp:term":[{"taxonomy":"category","embeddable":true,"href":"https:\/\/www.europesays.com\/fr\/wp-json\/wp\/v2\/categories?post=310660"},{"taxonomy":"post_tag","embeddable":true,"href":"https:\/\/www.europesays.com\/fr\/wp-json\/wp\/v2\/tags?post=310660"}],"curies":[{"name":"wp","href":"https:\/\/api.w.org\/{rel}","templated":true}]}}