{"id":310664,"date":"2025-08-11T02:25:08","date_gmt":"2025-08-11T02:25:08","guid":{"rendered":"https:\/\/www.europesays.com\/fr\/310664\/"},"modified":"2025-08-11T02:25:08","modified_gmt":"2025-08-11T02:25:08","slug":"decouvrez-les-nouveaux-films-prime-video-a-ne-pas-manquer-en-aout-2025","status":"publish","type":"post","link":"https:\/\/www.europesays.com\/fr\/310664\/","title":{"rendered":"D\u00e9couvrez les nouveaux films Prime Video \u00e0 ne pas manquer en ao\u00fbt 2025"},"content":{"rendered":"<p><strong>Ce mois d&rsquo;ao\u00fbt 2025, Prime Video vous propose plusieurs nouveaut\u00e9s qui plairont \u00e0 tout le monde. Entre action, romance et film historique, d\u00e9couvrez les nouveaut\u00e9s \u00e0 ne pas manquer sur Prime Video.\u00a0<\/strong><\/p>\n<p>The Pickup &#8211; D\u00e8s le 6 ao\u00fbt 2025<\/p>\n<p>Ce qui devait \u00eatre un simple braquage tourne au cauchemar quand deux convoyeurs de fonds que tout oppose, Russell et Travis, se retrouvent pris dans une attaque men\u00e9e par une criminelle redoutable, Zoe, dont les intentions d\u00e9passent largement le butin. Pris au pi\u00e8ge dans une spirale de chaos, le duo improbable devra composer avec le danger, leurs diff\u00e9rences, et une journ\u00e9e qui ne cesse d&#8217;empirer.<\/p>\n<p><img decoding=\"async\" src=\"https:\/\/www.europesays.com\/fr\/wp-content\/uploads\/2025\/08\/9fb77ce2af00cb2c246528288e7e931d_5b497ae820.jpg\" alt=\"9fb77ce2af00cb2c246528288e7e931d.jpg\"\/><\/p>\n<p>Bride Hard &#8211; D\u00e8s le 1er ao\u00fbt 2025<\/p>\n<p>Lorsqu&rsquo;un groupe de mercenaires prend en otage un mariage somptueux, ils n&rsquo;ont aucune id\u00e9e de ce qui les attend car la demoiselle d&rsquo;honneur est en r\u00e9alit\u00e9 un agent secret pr\u00eat \u00e0 faire pleuvoir des coups de feu sur quiconque voudrait ruiner le mariage de sa meilleure amie.<\/p>\n<p><img decoding=\"async\" style=\"display: block; margin-left: auto; margin-right: auto;\" src=\"https:\/\/www.europesays.com\/fr\/wp-content\/uploads\/2025\/08\/c73372e0aba01c9af05c20daf3735562_f953b3edcb.jpg\" alt=\"c73372e0aba01c9af05c20daf3735562.jpg\"\/><\/p>\n<p>Madame Web &#8211; D\u00e8s le 1er ao\u00fbt<\/p>\n<p>Cassandra Web est une ambulanci\u00e8re de Manhattan qui serait capable de voir dans le futur. Forc\u00e9e de faire face \u00e0 des r\u00e9v\u00e9lations sur son pass\u00e9, elle noue une relation avec trois jeunes femmes destin\u00e9es \u00e0 un avenir hors du commun&#8230; si toutefois elles parviennent \u00e0 survivre \u00e0 un pr\u00e9sent mortel.<\/p>\n<p><img decoding=\"async\" style=\"display: block; margin-left: auto; margin-right: auto;\" src=\"https:\/\/www.europesays.com\/fr\/wp-content\/uploads\/2025\/08\/1462329_92dfe9a1c5.webp.webp\" alt=\"1462329.webp\"\/><\/p>\n<p>La carte qui m\u00e8ne jusqu&rsquo;\u00e0 toi &#8211; D\u00e8s le 20 ao\u00fbt 2025<\/p>\n<p>La carte qui m\u00e8ne jusqu&rsquo;\u00e0 toi suit Heather, une jeune femme qui part \u00e0 l&rsquo;aventure \u00e0 travers l&rsquo;Europe avec ses meilleurs amis avant de s&rsquo;installer dans sa vie parfaitement planifi\u00e9e. Quand elle croise la route de Jack, un \u00e9tranger magn\u00e9tique et myst\u00e9rieux, leur \u00e9tincelle instantan\u00e9e d\u00e9clenche un voyage \u00e9motionnel que ni l&rsquo;un ni l&rsquo;autre n&rsquo;attendait. \u00c0 mesure que leur connexion s&rsquo;approfondit, des secrets, des choix de vie et des v\u00e9rit\u00e9s cach\u00e9es testeront leur lien, et changeront sa vie d&rsquo;une mani\u00e8re qu&rsquo;elle n&rsquo;aurait jamais imagin\u00e9e.<\/p>\n<p><img decoding=\"async\" style=\"display: block; margin-left: auto; margin-right: auto;\" src=\"https:\/\/www.europesays.com\/fr\/wp-content\/uploads\/2025\/08\/5034319762f53fe28b9af59b368d665a_acaa7eeb19.jpg\" alt=\"5034319762f53fe28b9af59b368d665a.jpg\"\/><\/p>\n<p>Le jeu de la reine &#8211; D\u00e8s le 27 ao\u00fbt\u00a0<\/p>\n<p><strong>Catherine Parr<\/strong> est la sixi\u00e8me femme du roi <strong>Henri VIII<\/strong>, dont les pr\u00e9c\u00e9dentes \u00e9pouses ont \u00e9t\u00e9 soit r\u00e9pudi\u00e9es, soit d\u00e9capit\u00e9es (une seule \u00e9tant d\u00e9c\u00e9d\u00e9e suite \u00e0 une maladie). Avec l&rsquo;aide de ses dames de compagnie, elle tente de d\u00e9jouer les pi\u00e8ges que lui tendent l&rsquo;\u00e9v\u00eaque, la cour et le roi&#8230;<\/p>\n<p><img decoding=\"async\" style=\"display: block; margin-left: auto; margin-right: auto;\" src=\"https:\/\/www.europesays.com\/fr\/wp-content\/uploads\/2025\/08\/5563343_cf23df9ac1.webp.webp\" alt=\"5563343.webp\"\/><\/p>\n<p>\u00a0<\/p>\n<p>\nComment regarder Amazon Prime Video avec Free ?\n<\/p>\n<ul class=\"has-list-bullet\">\n<li data-line=\"0\">\n<p>Acc\u00e9dez \u00e0 votre <strong>Espace Abonn\u00e9 Freebox<\/strong>.<\/p>\n<\/li>\n<li data-line=\"1\">\n<p>Allez dans la rubrique <strong>T\u00e9l\u00e9vision<\/strong>\u00a0puis\u00a0<strong>G\u00e9rer mon compte Amazon Prime<\/strong>.<\/p>\n<\/li>\n<li data-line=\"2\">\n<p>Cliquez sur le bouton <strong>Je souscris<\/strong>.<\/p>\n<\/li>\n<\/ul>\n<p style=\"text-align: justify;\">Si vous \u00eates d\u00e9j\u00e0 abonn\u00e9 \u00e0\u00a0<a target=\"_blank\" class=\"external-link\" href=\"https:\/\/www.free.fr\/freebox\/amazon-prime\/\" rel=\"noopener nofollow\" data-tooltip-position=\"top\" aria-label=\"https:\/\/www.free.fr\/freebox\/amazon-prime\/\"><strong>Amazon Prime<\/strong><\/a>, vous pouvez directement regarder les nouveaut\u00e9s sur votre Freebox.<\/p>\n<p style=\"text-align: justify;\">Pour plus d&rsquo;informations, suivez <a target=\"_blank\" href=\"https:\/\/assistance.free.fr\/articles\/amazon-prime-activer-mon-compte-183\" rel=\"noopener nofollow\"><strong>le guide complet<\/strong><\/a> de l&rsquo;Assistance Free.<\/p>\n<p style=\"text-align: justify;\">\u00a0<\/p>\n<p style=\"color: rgb(39, 94, 203); margin: 0;\"><strong style=\"vertical-align: text-bottom;\"><img decoding=\"async\" style=\"margin-right: 10px; display: inline-block;\" src=\"https:\/\/portail.free.fr\/media\/information_1d0bba6c53.svg\" width=\"20\"\/>INFORMATION<br \/><\/strong><\/p>\n<ul class=\"has-list-bullet\">\n<li data-line=\"0\">\n<p>Amazon Prime est <strong>inclus<\/strong> avec la Freebox Ultra.<\/p>\n<\/li>\n<li style=\"text-align: justify;\" data-line=\"1\">\n<p>Amazon Prime est disponible <strong>en option sans engagement : <br \/><\/strong><strong>3 mois offerts puis 6,99\u20ac\/mois<\/strong> avec les Freebox Ultra Essentielles et Pop.<\/p>\n<\/li>\n<li style=\"text-align: justify;\" data-line=\"1\">\n<p><strong>En option 6,99\u20ac\/mois<\/strong> avec la Freebox R\u00e9volution Light et Box 5G.\u00a0<\/p>\n<p>Jusqu\u2019\u00e0 30 jours d\u2019essai (mois en cours offert)<\/li>\n<\/ul>\n<p style=\"text-align: justify;\">Une fois connect\u00e9 \u00e0 votre compte\u00a0<a target=\"_blank\" class=\"external-link\" href=\"https:\/\/www.free.fr\/freebox\/amazon-prime\/\" rel=\"noopener nofollow\" data-tooltip-position=\"top\" aria-label=\"https:\/\/www.free.fr\/freebox\/amazon-prime\/\"><strong>Amazon Prime<\/strong><\/a>, vous pourrez acc\u00e9der \u00e0 l\u2019ensemble du catalogue Prime Video et binge-watcher toutes les nouveaut\u00e9s du mois en exclusivit\u00e9.<\/p>\n<p>\u00a0<\/p>\n","protected":false},"excerpt":{"rendered":"Ce mois d&rsquo;ao\u00fbt 2025, Prime Video vous propose plusieurs nouveaut\u00e9s qui plairont \u00e0 tout le monde. Entre action,&hellip;\n","protected":false},"author":2,"featured_media":310665,"comment_status":"","ping_status":"","sticky":false,"template":"","format":"standard","meta":{"footnotes":""},"categories":[1354],"tags":[58,59,1346,1011,27,1360],"class_list":{"0":"post-310664","1":"post","2":"type-post","3":"status-publish","4":"format-standard","5":"has-post-thumbnail","7":"category-films","8":"tag-divertissement","9":"tag-entertainment","10":"tag-films","11":"tag-fr","12":"tag-france","13":"tag-movies"},"share_on_mastodon":{"url":"https:\/\/pubeurope.com\/@fr\/115007764924678656","error":""},"_links":{"self":[{"href":"https:\/\/www.europesays.com\/fr\/wp-json\/wp\/v2\/posts\/310664","targetHints":{"allow":["GET"]}}],"collection":[{"href":"https:\/\/www.europesays.com\/fr\/wp-json\/wp\/v2\/posts"}],"about":[{"href":"https:\/\/www.europesays.com\/fr\/wp-json\/wp\/v2\/types\/post"}],"author":[{"embeddable":true,"href":"https:\/\/www.europesays.com\/fr\/wp-json\/wp\/v2\/users\/2"}],"replies":[{"embeddable":true,"href":"https:\/\/www.europesays.com\/fr\/wp-json\/wp\/v2\/comments?post=310664"}],"version-history":[{"count":0,"href":"https:\/\/www.europesays.com\/fr\/wp-json\/wp\/v2\/posts\/310664\/revisions"}],"wp:featuredmedia":[{"embeddable":true,"href":"https:\/\/www.europesays.com\/fr\/wp-json\/wp\/v2\/media\/310665"}],"wp:attachment":[{"href":"https:\/\/www.europesays.com\/fr\/wp-json\/wp\/v2\/media?parent=310664"}],"wp:term":[{"taxonomy":"category","embeddable":true,"href":"https:\/\/www.europesays.com\/fr\/wp-json\/wp\/v2\/categories?post=310664"},{"taxonomy":"post_tag","embeddable":true,"href":"https:\/\/www.europesays.com\/fr\/wp-json\/wp\/v2\/tags?post=310664"}],"curies":[{"name":"wp","href":"https:\/\/api.w.org\/{rel}","templated":true}]}}