{"id":310668,"date":"2025-08-11T02:28:16","date_gmt":"2025-08-11T02:28:16","guid":{"rendered":"https:\/\/www.europesays.com\/fr\/310668\/"},"modified":"2025-08-11T02:28:16","modified_gmt":"2025-08-11T02:28:16","slug":"drogues-et-vols-de-colliers-aux-plages-electros-a-cannes-des-individus-interpelles-une-trentaine-damendes-distribuees","status":"publish","type":"post","link":"https:\/\/www.europesays.com\/fr\/310668\/","title":{"rendered":"Drogues et vols de colliers aux Plages \u00e9lectros \u00e0 Cannes: des individus interpell\u00e9s, une trentaine d&rsquo;amendes distribu\u00e9es"},"content":{"rendered":"<p>La f\u00eate bat toujours son plein aux Plages \u00e9lectros de Cannes, qui accueillent le rappeur Booba et la <a href=\"https:\/\/www.nicematin.com\/concerts\/3-choses-a-savoir-sur-charlotte-de-witte-tete-d-affiche-de-la-derniere-soiree-des-plages-electro-a-cannes-997525\" rel=\"nofollow noopener\" target=\"_blank\">DJ Charlotte de Witte ce dimanche en soir\u00e9e<\/a>. Mais pour les forces de l\u2019ordre, si le rythme de travail est sans doute aussi \u00e9lev\u00e9 que les beats pour night-clubbers de la Croisette, l\u2019amusement est beaucoup moindre.<\/p>\n<p>Samedi soir pour le deuxi\u00e8me acte du Festival de musique, l\u2019important dispositif d\u00e9ploy\u00e9 par la police municipale, les agents de s\u00e9curit\u00e9 priv\u00e9e, les renforts CRS et les effectifs (civils ou en uniformes) de la police nationale, a encore ramen\u00e9 pas mal de \u00ab\u00a0f\u00eatards hors la loi\u00a0\u00bb dans ses filets. Car beaucoup d\u2019entre eux semblent ne pas pouvoir entrer dans la danse sans \u00eatre en \u00e9tat de transe&#8230; quitte \u00e0 consommer des substances prohib\u00e9es.<\/p>\n<p><strong>Coke en stock, l\u2019ecstasy aussi!<\/strong><\/p>\n<p>Ainsi, <strong>33 amendes forfaitaires d\u00e9lictuelles (\u00e0 200 euros) ont \u00e9t\u00e9 d\u00e9livr\u00e9es pour consommation de stup\u00e9fiants,<\/strong> (cannabis, mais aussi drogues de synth\u00e8ses en cachet). Trois proc\u00e9dures en justice sont engag\u00e9es pour d\u00e9tention de stups, qui n\u2019ont pas entra\u00een\u00e9 de garde \u00e0 vue. En revanche, une enqu\u00eate est en cours et trois individus ont \u00e9t\u00e9 conduits au commissariat pour y finir la nuit, car <strong>ils poss\u00e9daient des quantit\u00e9s plus importantes de produits<\/strong>. Notamment de la coca\u00efne et de l\u2019ecstasy (jusqu\u2019\u00e0 une centaine de cachets pour l\u2019un d\u2019entre eux).<\/p>\n<p><strong>Deux suspects pour des vols \u00e0 l\u2019arrach\u00e9 de colliers<\/strong><\/p>\n<p>Autre fl\u00e9au identifi\u00e9: des \u00e9quipes sp\u00e9cialis\u00e9es de voleurs de bijoux, qui profitent de l\u2019effet de masse pour arracher des colliers et les faire dispara\u00eetre dans la foule. Entre vendredi et samedi, plusieurs dizaines d&rsquo;arrachages de colliers ont \u00e9t\u00e9 mentionn\u00e9s par des victimes. Sur signalement de victimes, les policiers, la BAC (Brigade Anticriminalit\u00e9) notamment, ont pu identifier deux suspects et les interpeller. Ils sont actuellement en garde \u00e0 vue.\u00a0<\/p>\n<p>Mais le conseil adress\u00e9 aux festivaliers reste de ne pas venir sur les Plages avec des objets pr\u00e9cieux, de valeur mat\u00e9rielle comme sentimentale.<\/p>\n","protected":false},"excerpt":{"rendered":"La f\u00eate bat toujours son plein aux Plages \u00e9lectros de Cannes, qui accueillent le rappeur Booba et la&hellip;\n","protected":false},"author":2,"featured_media":310669,"comment_status":"","ping_status":"","sticky":false,"template":"","format":"standard","meta":{"footnotes":""},"categories":[8],"tags":[58,59,118,1011,27,656],"class_list":{"0":"post-310668","1":"post","2":"type-post","3":"status-publish","4":"format-standard","5":"has-post-thumbnail","7":"category-divertissement","8":"tag-divertissement","9":"tag-entertainment","10":"tag-faits-divers","11":"tag-fr","12":"tag-france","13":"tag-securite"},"share_on_mastodon":{"url":"https:\/\/pubeurope.com\/@fr\/115007776630834064","error":""},"_links":{"self":[{"href":"https:\/\/www.europesays.com\/fr\/wp-json\/wp\/v2\/posts\/310668","targetHints":{"allow":["GET"]}}],"collection":[{"href":"https:\/\/www.europesays.com\/fr\/wp-json\/wp\/v2\/posts"}],"about":[{"href":"https:\/\/www.europesays.com\/fr\/wp-json\/wp\/v2\/types\/post"}],"author":[{"embeddable":true,"href":"https:\/\/www.europesays.com\/fr\/wp-json\/wp\/v2\/users\/2"}],"replies":[{"embeddable":true,"href":"https:\/\/www.europesays.com\/fr\/wp-json\/wp\/v2\/comments?post=310668"}],"version-history":[{"count":0,"href":"https:\/\/www.europesays.com\/fr\/wp-json\/wp\/v2\/posts\/310668\/revisions"}],"wp:featuredmedia":[{"embeddable":true,"href":"https:\/\/www.europesays.com\/fr\/wp-json\/wp\/v2\/media\/310669"}],"wp:attachment":[{"href":"https:\/\/www.europesays.com\/fr\/wp-json\/wp\/v2\/media?parent=310668"}],"wp:term":[{"taxonomy":"category","embeddable":true,"href":"https:\/\/www.europesays.com\/fr\/wp-json\/wp\/v2\/categories?post=310668"},{"taxonomy":"post_tag","embeddable":true,"href":"https:\/\/www.europesays.com\/fr\/wp-json\/wp\/v2\/tags?post=310668"}],"curies":[{"name":"wp","href":"https:\/\/api.w.org\/{rel}","templated":true}]}}