{"id":310670,"date":"2025-08-11T02:29:12","date_gmt":"2025-08-11T02:29:12","guid":{"rendered":"https:\/\/www.europesays.com\/fr\/310670\/"},"modified":"2025-08-11T02:29:12","modified_gmt":"2025-08-11T02:29:12","slug":"gpt-5-lancement-mouvemente-openai-fait-marche-arriere","status":"publish","type":"post","link":"https:\/\/www.europesays.com\/fr\/310670\/","title":{"rendered":"GPT-5 : lancement mouvement\u00e9, OpenAI fait marche arri\u00e8re"},"content":{"rendered":"<p>D\u00e9ploy\u00e9 <a href=\"https:\/\/www.zdnet.fr\/actualites\/openai-lance-gpt-5-avec-un-focus-particulier-sur-la-programmation-480080.htm\" target=\"_blank\" rel=\"noopener\">cette semaine sur ChatGPT<\/a> et via des <a href=\"https:\/\/www.zdnet.fr\/actualites\/microsoft-deploie-gpt-5-dans-sa-suite-copilot-voici-ce-que-nous-savons-480115.htm\" target=\"_blank\" rel=\"noopener\">partenaires comme Microsoft<\/a>, GPT-5 a rapidement agac\u00e9 une partie de sa nombreuse base d\u2019utilisateurs. En cause ?<\/p>\n<ul>\n<li>Une simplification excessive : plus de choix du mod\u00e8le. L\u2019IA d\u00e9cidait seule lequel utiliser.<\/li>\n<li>Des limites d\u2019usage trop strictes : 80 messages\/3h pour les abonn\u00e9s Plus.<\/li>\n<li>Et, surprise, un mod\u00e8le jug\u00e9 moins performant que promis.<\/li>\n<\/ul>\n<p>L&rsquo;\u00e9quipe d&rsquo;OpenAI en charge du d\u00e9veloppement du produit a donc pris les devants<a href=\"https:\/\/www.reddit.com\/r\/ChatGPT\/comments\/1mkae1l\/gpt5_ama_with_openais_sam_altman_and_some_of_the\/\" target=\"_blank\" rel=\"noopener\"> sur Reddit<\/a> et a annonc\u00e9 des modifications cens\u00e9es apaiser les aigreurs d\u2019utilisateurs fid\u00e8les, mais d\u00e9sormais courrouc\u00e9s.<\/p>\n<p> Retour des anciens mod\u00e8les <\/p>\n<p>Beaucoup d\u2019abonn\u00e9s Plus et Pro avaient jusqu&rsquo;ici leurs pr\u00e9f\u00e9rences \u2014 GPT-4o, GPT-4.1 ou GPT-4.5 \u2014 jug\u00e9s plus cr\u00e9atifs, plus \u00ab humains \u00bb et souvent meilleurs pour l\u2019\u00e9criture. Or <a href=\"https:\/\/www.zdnet.fr\/pratique\/tout-comprendre-a-gpt-5-480102.htm\" target=\"_blank\" rel=\"noopener\">depuis l&rsquo;arriv\u00e9e de GPT-5, l&rsquo;acc\u00e8s \u00e0 ces LLM a tout simplement disparu de l&rsquo;interface.<\/a><\/p>\n<p>Face au toll\u00e9, OpenAI r\u00e9introduit donc la possibilit\u00e9 d\u2019utiliser ces anciens mod\u00e8les. Il suffira d\u2019activer un param\u00e8tre dans ChatGPT.<\/p>\n<p>A noter que la s\u00e9lection manuelle de GPT-5, GPT-5 Pro ou GPT-5 Thinking sera \u00e9galement possible.<\/p>\n<p> Des quotas assouplis <\/p>\n<p>Autre geste d\u2019apaisement : doublement des limites d\u2019utilisation pour les abonn\u00e9s Plus et Team. Et quand la limite de GPT-5 standard sera atteinte, passage automatique \u00e0 GPT-5 mini ou Thinking mini.<\/p>\n<p> Des performances discutables <\/p>\n<p>La promesse de Sam Altman \u2014 \u00ab discuter avec GPT-5, c\u2019est comme \u00e9changer avec un expert niveau doctorat \u00bb \u2014 en prend un sacr\u00e9 coup.<\/p>\n<p>Les exemples embarrassants s\u2019accumulent :<\/p>\n<ul>\n<li>GPT-5 compte trois \u201cb\u201d dans blueberry au lieu de deux.<\/li>\n<li>Il produit des portraits et dates erron\u00e9s pour les pr\u00e9sidents am\u00e9ricains.<\/li>\n<\/ul>\n<p>Surtout, en plus de la qualit\u00e9 des rendus,\u00a0beaucoup trouvent GPT-5 froid et clinique, loin de la convivialit\u00e9 de GPT-4o.<\/p>\n<p> Une le\u00e7on pour OpenAI <\/p>\n<p>Le d\u00e9ploiement, qualifi\u00e9 de \u00ab plus chaotique que pr\u00e9vu \u00bb par Sam Altman, illustre un fait simple : la performance brute ne suffit pas.<\/p>\n<p>Les utilisateurs tiennent \u00e0 leurs habitudes\u2026 et \u00e0 une IA qui leur ressemble.<\/p>\n","protected":false},"excerpt":{"rendered":"D\u00e9ploy\u00e9 cette semaine sur ChatGPT et via des partenaires comme Microsoft, GPT-5 a rapidement agac\u00e9 une partie de&hellip;\n","protected":false},"author":2,"featured_media":310671,"comment_status":"","ping_status":"","sticky":false,"template":"","format":"standard","meta":{"footnotes":""},"categories":[7],"tags":[141,1011,27,3994,143,43,40,41,39,42,44],"class_list":{"0":"post-310670","1":"post","2":"type-post","3":"status-publish","4":"format-standard","5":"has-post-thumbnail","7":"category-sciences-et-technologies","8":"tag-chatgpt","9":"tag-fr","10":"tag-france","11":"tag-ia-generative","12":"tag-openai","13":"tag-science","14":"tag-science-and-technology","15":"tag-sciences","16":"tag-sciences-et-technologies","17":"tag-technologies","18":"tag-technology"},"share_on_mastodon":{"url":"https:\/\/pubeurope.com\/@fr\/115007780560030224","error":""},"_links":{"self":[{"href":"https:\/\/www.europesays.com\/fr\/wp-json\/wp\/v2\/posts\/310670","targetHints":{"allow":["GET"]}}],"collection":[{"href":"https:\/\/www.europesays.com\/fr\/wp-json\/wp\/v2\/posts"}],"about":[{"href":"https:\/\/www.europesays.com\/fr\/wp-json\/wp\/v2\/types\/post"}],"author":[{"embeddable":true,"href":"https:\/\/www.europesays.com\/fr\/wp-json\/wp\/v2\/users\/2"}],"replies":[{"embeddable":true,"href":"https:\/\/www.europesays.com\/fr\/wp-json\/wp\/v2\/comments?post=310670"}],"version-history":[{"count":0,"href":"https:\/\/www.europesays.com\/fr\/wp-json\/wp\/v2\/posts\/310670\/revisions"}],"wp:featuredmedia":[{"embeddable":true,"href":"https:\/\/www.europesays.com\/fr\/wp-json\/wp\/v2\/media\/310671"}],"wp:attachment":[{"href":"https:\/\/www.europesays.com\/fr\/wp-json\/wp\/v2\/media?parent=310670"}],"wp:term":[{"taxonomy":"category","embeddable":true,"href":"https:\/\/www.europesays.com\/fr\/wp-json\/wp\/v2\/categories?post=310670"},{"taxonomy":"post_tag","embeddable":true,"href":"https:\/\/www.europesays.com\/fr\/wp-json\/wp\/v2\/tags?post=310670"}],"curies":[{"name":"wp","href":"https:\/\/api.w.org\/{rel}","templated":true}]}}