{"id":310674,"date":"2025-08-11T02:31:18","date_gmt":"2025-08-11T02:31:18","guid":{"rendered":"https:\/\/www.europesays.com\/fr\/310674\/"},"modified":"2025-08-11T02:31:18","modified_gmt":"2025-08-11T02:31:18","slug":"une-fusillade-eclate-devant-une-discotheque-en-equateur-la-police-fait-etat-de-8-morts","status":"publish","type":"post","link":"https:\/\/www.europesays.com\/fr\/310674\/","title":{"rendered":"Une fusillade \u00e9clate devant une discoth\u00e8que en \u00c9quateur, la police fait \u00e9tat de 8 morts"},"content":{"rendered":"<p>\n                                                                    l&rsquo;essentiel<br \/>\n                                                                Huit personnes sont mortes dimanche apr\u00e8s qu\u2019un groupe d\u2019hommes arm\u00e9s a ouvert le feu devant une discoth\u00e8que dans une commune rurale du sud-ouest de l\u2019\u00c9quateur, a annonc\u00e9 la police.\n                            <\/p>\n<p>Une fusillade a \u00e9clat\u00e9 devant une discoth\u00e8que en \u00c9quateur.\u00a0Les policiers ont \u00e9voqu\u00e9 8 morts.<\/p>\n<p>Que s\u2019est-il pass\u00e9\u00a0?<\/p>\n<p>D\u2019apr\u00e8s la police, les assaillants sont arriv\u00e9s sur les lieux \u00e0 bord de deux camionnettes et ont ouvert le feu sur un groupe de personnes qui buvaient de l\u2019alcool dans la rue, devant l\u2019entr\u00e9e d\u2019une discoth\u00e8que, vers 01h15 (heure\u00a0locale) dans le canton de Santa Luc\u00eda, dans la province de Guayas.<\/p>\n<p>La police a trouv\u00e9 sur place pr\u00e8s de 80 douilles de balles de neuf millim\u00e8tres et d\u2019armes automatiques. Apr\u00e8s l\u2019attaque, les hommes arm\u00e9s sont retourn\u00e9s \u00e0 leurs v\u00e9hicules et ont pris la fuite par \u00ab\u00a0une route inconnue\u00a0\u00bb, a ajout\u00e9 le colonel de police. La police n\u2019a pas encore \u00e9tabli les raisons de ce massacre.<\/p>\n<p>Quel est le bilan\u00a0?<\/p>\n<p>Les policiers ont trouv\u00e9 \u00ab\u00a0plusieurs personnes bless\u00e9es et sept cadavres\u00a0\u00bb en arrivant sur les lieux, a d\u00e9clar\u00e9 le colonel de police Javier Chango au cours d\u2019une conf\u00e9rence de presse.\u00a0Une huiti\u00e8me personne est morte alors qu\u2019elle \u00e9tait soign\u00e9e dans un h\u00f4pital local, a-t-il ajout\u00e9.<\/p>\n<p>Parmi les victimes mortelles figure un homme identifi\u00e9 comme Jorge Urquizo, fr\u00e8re du maire de cette municipalit\u00e9 de 38.000 habitants et propri\u00e9taire de la discoth\u00e8que.<\/p>\n<p>Qui sont les suspects\u00a0?<\/p>\n<p>Dans cette zone, les autorit\u00e9s ont arr\u00eat\u00e9 une personne arm\u00e9e d\u2019un revolver qui se d\u00e9pla\u00e7ait dans une camionnette, mais elles n\u2019ont pas pu d\u00e9terminer si cet homme avait particip\u00e9 \u00e0 l\u2019attaque.\u00a0La mairie de Santa Luc\u00eda s\u2019est d\u00e9clar\u00e9e en deuil dimanche. \u00ab\u00a0Nous nous unissons dans la tristesse et la pri\u00e8re face \u00e0 cet acte violent qui a frapp\u00e9 notre communaut\u00e9\u00a0\u00bb, a \u00e9crit le bureau du maire Ubaldo Urquizo sur les r\u00e9seaux sociaux.\u00a0Guayas est l\u2019une des quatre provinces dans lesquelles le pr\u00e9sident Daniel Noboa a r\u00e9cemment renouvel\u00e9 l\u2019\u00e9tat d\u2019urgence pour deux mois, afin de lutter contre la violence des gangs criminels.<\/p>\n","protected":false},"excerpt":{"rendered":"l&rsquo;essentiel Huit personnes sont mortes dimanche apr\u00e8s qu\u2019un groupe d\u2019hommes arm\u00e9s a ouvert le feu devant une discoth\u00e8que&hellip;\n","protected":false},"author":2,"featured_media":310675,"comment_status":"","ping_status":"","sticky":false,"template":"","format":"standard","meta":{"footnotes":""},"categories":[5],"tags":[11,1011,27,14,12,28],"class_list":{"0":"post-310674","1":"post","2":"type-post","3":"status-publish","4":"format-standard","5":"has-post-thumbnail","7":"category-international","8":"tag-actualites","9":"tag-fr","10":"tag-france","11":"tag-international","12":"tag-news","13":"tag-world"},"share_on_mastodon":{"url":"https:\/\/pubeurope.com\/@fr\/115007788369529733","error":""},"_links":{"self":[{"href":"https:\/\/www.europesays.com\/fr\/wp-json\/wp\/v2\/posts\/310674","targetHints":{"allow":["GET"]}}],"collection":[{"href":"https:\/\/www.europesays.com\/fr\/wp-json\/wp\/v2\/posts"}],"about":[{"href":"https:\/\/www.europesays.com\/fr\/wp-json\/wp\/v2\/types\/post"}],"author":[{"embeddable":true,"href":"https:\/\/www.europesays.com\/fr\/wp-json\/wp\/v2\/users\/2"}],"replies":[{"embeddable":true,"href":"https:\/\/www.europesays.com\/fr\/wp-json\/wp\/v2\/comments?post=310674"}],"version-history":[{"count":0,"href":"https:\/\/www.europesays.com\/fr\/wp-json\/wp\/v2\/posts\/310674\/revisions"}],"wp:featuredmedia":[{"embeddable":true,"href":"https:\/\/www.europesays.com\/fr\/wp-json\/wp\/v2\/media\/310675"}],"wp:attachment":[{"href":"https:\/\/www.europesays.com\/fr\/wp-json\/wp\/v2\/media?parent=310674"}],"wp:term":[{"taxonomy":"category","embeddable":true,"href":"https:\/\/www.europesays.com\/fr\/wp-json\/wp\/v2\/categories?post=310674"},{"taxonomy":"post_tag","embeddable":true,"href":"https:\/\/www.europesays.com\/fr\/wp-json\/wp\/v2\/tags?post=310674"}],"curies":[{"name":"wp","href":"https:\/\/api.w.org\/{rel}","templated":true}]}}