{"id":310678,"date":"2025-08-11T02:33:16","date_gmt":"2025-08-11T02:33:16","guid":{"rendered":"https:\/\/www.europesays.com\/fr\/310678\/"},"modified":"2025-08-11T02:33:16","modified_gmt":"2025-08-11T02:33:16","slug":"video-gros-choc-au-depart-de-the-ocean-race-europe-entre-le-bateau-vendeo-suisse-holcim-prb-et-un-autre-imoca","status":"publish","type":"post","link":"https:\/\/www.europesays.com\/fr\/310678\/","title":{"rendered":"VIDEO. Gros choc au d\u00e9part de The Ocean Race Europe entre le bateau Vend\u00e9o-Suisse Holcim-PRB et un autre Imoca"},"content":{"rendered":"<p>            Par<br \/>\n        <strong><br \/>\n            <a href=\"https:\/\/actu.fr\/auteur\/sebastien-bethune\" title=\"Consulter tous les articles de S\u00e9bastien B\u00e9thune\" rel=\"nofollow noopener\" target=\"_blank\">S\u00e9bastien B\u00e9thune<\/a><br \/>\n        <\/strong><\/p>\n<p>        Publi\u00e9 le<\/p>\n<p>            10 ao\u00fbt 2025 \u00e0 17h34        <\/p>\n<p>Le d\u00e9part de The Ocean Race Europe 2025 \u00e9tait donn\u00e9 <b>dimanche 10\u00a0ao\u00fbt<\/b> du port de Kiel (Allemagne).<\/p>\n<p class=\" wall-content\">Pour rappel, The Ocean Europe est une comp\u00e9tition <b>consid\u00e9r\u00e9e comme la petite s\u0153ur de The Ocean Race<\/b>, l\u2019iconique course autour du monde en \u00e9quipage.<\/p>\n<p class=\" wall-content\">Au d\u00e9part, <b>sept bateaux sont engag\u00e9s<\/b>, dont le bateau Vend\u00e9o-Suisse Holcim \u2013 PRB. Malheureusement, tout ne s\u2019est pas pass\u00e9 comme pr\u00e9vu pour ce dernier\u2026<\/p>\n<p>Les deux bateaux rentrent au port<\/p>\n<p class=\" wall-content\">D\u00e8s le d\u00e9part de la premi\u00e8re des cinq \u00e9tapes (Kiel \u2013 Portsmouth), l\u2019Imoca, <a href=\"https:\/\/actu.fr\/pays-de-la-loire\/les-sables-d-olonne_85194\/premiere-femme-deuxieme-sablais-les-six-arrivees-du-vendee-globe-ce-week-end-aux-sables-dolonne_62164748.html\" rel=\"nofollow noopener\" target=\"_blank\">6e du dernier Vend\u00e9e Globe<\/a> avec Nicolas Lunven \u00e0 sa t\u00eate, <b>s\u2019est fait percuter<\/b> par le bateau italien Mapei Allagrande Racing\u2009!<\/p>\n<p class=\" wall-content\">Sur les images, (<a href=\"https:\/\/www.eurosport.fr\/voile\/the-ocean-race-europe-cest-parti-revivez-le-depart-de-la-course-en-video_vid60021979\/video.shtml\" rel=\"nofollow noopener\" target=\"_blank\">\u00e0 retrouver en cliquant ici<\/a>), on voit la coque du bateau Vend\u00e9o-suisse <b>bien enfonc\u00e9e \u00e0 cause du choc.<\/b><\/p>\n<p class=\" wall-content\">De son c\u00f4t\u00e9, une des voiles de Mapei Allagrande est d\u00e9chir\u00e9e.<\/p>\n<p>Vid\u00e9os : en ce moment sur ActuLes premi\u00e8res r\u00e9actions<\/p>\n<p class=\" wall-content\">Apr\u00e8s cet accident,<b> les deux \u00e9quipages sont dans l\u2019obligation de faire demi-tour et de rentrer au port de Kiel<\/b> pour effectuer des r\u00e9parations.<\/p>\n<p class=\" wall-content\">Au commentaire t\u00e9l\u00e9vis\u00e9 du d\u00e9part, Carolijn Brouwer, de l\u2019\u00e9quipe Holcim \u2013 PRB, ne cache pas sa d\u00e9ception\u2009: \u00ab<b>\u2009La priorit\u00e9 est de ramener le bateau \u00e0 terre.<\/b> L\u2019\u00e9quipe technique va probablement avoir devant elle quelques longues journ\u00e9es de travail\u2009\u00bb, rapporte <a href=\"https:\/\/www.imoca.org\/fr\/news\/news\/collision-entre-holcim-prb-et-allagrande-mapei-racing-au-depart-de-the-ocean-race-europe\" rel=\"nofollow noopener\" target=\"_blank\">le site officiel de la classe Imoca<\/a>.<\/p>\n<p class=\" wall-content\">Le skipper Ambrogio Beccaria de Mapei est lui aussi d\u00e9pit\u00e9\u2009:<\/p>\n<blockquote class=\"ac-article-quote wall-content\">\n<p>\u00ab\u2009C\u2019est tellement d\u00e9cevant, j\u2019ai le c\u0153ur lourd. Nous avons travaill\u00e9 si dur pour \u00eatre pr\u00eats.\u2009\u00bb<\/p>\n<\/blockquote>\n<p class=\" wall-content\">Suivez toute l\u2019actualit\u00e9 de vos villes et m\u00e9dias favoris en vous inscrivant \u00e0 <a href=\"https:\/\/moncompte.actu.fr\" title=\"D\u00e9couvez Mon Actu\" rel=\"nofollow noopener\" data-trk=\"{&quot;cta&quot;:{&quot;action&quot;:&quot;https:\\\/\\\/moncompte.actu.fr&quot;,&quot;category&quot;:&quot;mon compte&quot;,&quot;from&quot;:&quot;article footer&quot;,&quot;name&quot;:&quot;Mon actu&quot;,&quot;type&quot;:&quot;cta&quot;}}\" target=\"_blank\">Mon Actu<\/a>.<\/p>\n","protected":false},"excerpt":{"rendered":"Par S\u00e9bastien B\u00e9thune Publi\u00e9 le 10 ao\u00fbt 2025 \u00e0 17h34 Le d\u00e9part de The Ocean Race Europe 2025&hellip;\n","protected":false},"author":2,"featured_media":310679,"comment_status":"","ping_status":"","sticky":false,"template":"","format":"standard","meta":{"footnotes":""},"categories":[2],"tags":[11,1011,27,12,60,15103],"class_list":{"0":"post-310678","1":"post","2":"type-post","3":"status-publish","4":"format-standard","5":"has-post-thumbnail","7":"category-actualites","8":"tag-actualites","9":"tag-fr","10":"tag-france","11":"tag-news","12":"tag-sports","13":"tag-sports-nautiques"},"share_on_mastodon":{"url":"https:\/\/pubeurope.com\/@fr\/115007796177827701","error":""},"_links":{"self":[{"href":"https:\/\/www.europesays.com\/fr\/wp-json\/wp\/v2\/posts\/310678","targetHints":{"allow":["GET"]}}],"collection":[{"href":"https:\/\/www.europesays.com\/fr\/wp-json\/wp\/v2\/posts"}],"about":[{"href":"https:\/\/www.europesays.com\/fr\/wp-json\/wp\/v2\/types\/post"}],"author":[{"embeddable":true,"href":"https:\/\/www.europesays.com\/fr\/wp-json\/wp\/v2\/users\/2"}],"replies":[{"embeddable":true,"href":"https:\/\/www.europesays.com\/fr\/wp-json\/wp\/v2\/comments?post=310678"}],"version-history":[{"count":0,"href":"https:\/\/www.europesays.com\/fr\/wp-json\/wp\/v2\/posts\/310678\/revisions"}],"wp:featuredmedia":[{"embeddable":true,"href":"https:\/\/www.europesays.com\/fr\/wp-json\/wp\/v2\/media\/310679"}],"wp:attachment":[{"href":"https:\/\/www.europesays.com\/fr\/wp-json\/wp\/v2\/media?parent=310678"}],"wp:term":[{"taxonomy":"category","embeddable":true,"href":"https:\/\/www.europesays.com\/fr\/wp-json\/wp\/v2\/categories?post=310678"},{"taxonomy":"post_tag","embeddable":true,"href":"https:\/\/www.europesays.com\/fr\/wp-json\/wp\/v2\/tags?post=310678"}],"curies":[{"name":"wp","href":"https:\/\/api.w.org\/{rel}","templated":true}]}}