{"id":310686,"date":"2025-08-11T02:40:11","date_gmt":"2025-08-11T02:40:11","guid":{"rendered":"https:\/\/www.europesays.com\/fr\/310686\/"},"modified":"2025-08-11T02:40:11","modified_gmt":"2025-08-11T02:40:11","slug":"clermont-sapprete-a-faire-une-offre-xxl-a-baptiste-jauneau-pour-contrer-la-proposition-du-rc-toulon","status":"publish","type":"post","link":"https:\/\/www.europesays.com\/fr\/310686\/","title":{"rendered":"Clermont s&rsquo;appr\u00eate \u00e0 faire une offre XXL \u00e0 Baptiste Jauneau pour contrer la proposition du RC Toulon !"},"content":{"rendered":"<p>Selon les informations de Midi Olympique, le Rugby Club Toulonnais aurait d\u00e9cid\u00e9 de frapper fort en recrutant le demi-de-m\u00eal\u00e9e Clermontois Baptiste Jauneau d\u00e8s la fin de son contrat avec l\u2019ASM, en juin 2026.<\/p>\n<p>En effet, le club Varois aurait effectu\u00e9 une offre financi\u00e8re tr\u00e8s all\u00e9chante au jeune international Fran\u00e7ais.<\/p>\n<p>Ce dimanche, Midi Olympique indique que d\u2019autres clubs du Top 14 seraient tr\u00e8s int\u00e9ress\u00e9s par le num\u00e9ro 9 dont notamment la Section Paloise mais \u00e9galement l\u2019Union Bordeaux-B\u00e8gles qui souhaite pr\u00e9parer l\u2019apr\u00e8s Maxime Lucu.<\/p>\n<p>Toujours selon le bi-hebdomadaire, Clermont n\u2019aurait pas dit son dernier mot dans ce dossier.<\/p>\n<p>Sans surprise, les Auvergnats souhaitent conserver leur jeune p\u00e9pite.<\/p>\n<p>Et si l\u2019offre du RCT serait bien sup\u00e9rieure \u00e0 celle de l\u2019ASM, il se dit que Clermont s\u2019appr\u00eaterait \u00e0 proposer une nouvelle offre longue dur\u00e9e \u00e0 son demi-de-m\u00eal\u00e9e, avec une tr\u00e8s belle revalorisation salariale.<\/p>\n<p>Midi Olympique indique que ce dossier devrait se finaliser d\u00e9but septembre. Et pour cause, Clermont souhaiterait que le dossier avance tr\u00e8s rapidement d\u00e9sormais.<\/p>\n<p>A noter \u00e9galement que Midi Olympique d\u00e9ment formellement la rumeur publi\u00e9e par Rugby Scope, laquelle annonce que Baptiste Serin aurait accept\u00e9 la proposition financi\u00e8re effectu\u00e9e par Montpellier.<\/p>\n<p>Le bi-hebdomadaire va m\u00eame plus loin et explique que le MHR aurait abandonn\u00e9 cette piste, privil\u00e9giant un profil plus jeune et moins on\u00e9reux.<\/p>\n<p><strong>Affaires \u00e0 suivre\u2026<\/strong><\/p>\n","protected":false},"excerpt":{"rendered":"Selon les informations de Midi Olympique, le Rugby Club Toulonnais aurait d\u00e9cid\u00e9 de frapper fort en recrutant le&hellip;\n","protected":false},"author":2,"featured_media":310687,"comment_status":"","ping_status":"","sticky":false,"template":"","format":"standard","meta":{"footnotes":""},"categories":[9619],"tags":[1111,11,1777,674,1011,27,12,882,25,2310],"class_list":{"0":"post-310686","1":"post","2":"type-post","3":"status-publish","4":"format-standard","5":"has-post-thumbnail","7":"category-toulon","8":"tag-actu","9":"tag-actualites","10":"tag-eu","11":"tag-europe","12":"tag-fr","13":"tag-france","14":"tag-news","15":"tag-provence-alpes-cote-dazur","16":"tag-republique-francaise","17":"tag-toulon"},"share_on_mastodon":{"url":"https:\/\/pubeurope.com\/@fr\/115007823717665446","error":""},"_links":{"self":[{"href":"https:\/\/www.europesays.com\/fr\/wp-json\/wp\/v2\/posts\/310686","targetHints":{"allow":["GET"]}}],"collection":[{"href":"https:\/\/www.europesays.com\/fr\/wp-json\/wp\/v2\/posts"}],"about":[{"href":"https:\/\/www.europesays.com\/fr\/wp-json\/wp\/v2\/types\/post"}],"author":[{"embeddable":true,"href":"https:\/\/www.europesays.com\/fr\/wp-json\/wp\/v2\/users\/2"}],"replies":[{"embeddable":true,"href":"https:\/\/www.europesays.com\/fr\/wp-json\/wp\/v2\/comments?post=310686"}],"version-history":[{"count":0,"href":"https:\/\/www.europesays.com\/fr\/wp-json\/wp\/v2\/posts\/310686\/revisions"}],"wp:featuredmedia":[{"embeddable":true,"href":"https:\/\/www.europesays.com\/fr\/wp-json\/wp\/v2\/media\/310687"}],"wp:attachment":[{"href":"https:\/\/www.europesays.com\/fr\/wp-json\/wp\/v2\/media?parent=310686"}],"wp:term":[{"taxonomy":"category","embeddable":true,"href":"https:\/\/www.europesays.com\/fr\/wp-json\/wp\/v2\/categories?post=310686"},{"taxonomy":"post_tag","embeddable":true,"href":"https:\/\/www.europesays.com\/fr\/wp-json\/wp\/v2\/tags?post=310686"}],"curies":[{"name":"wp","href":"https:\/\/api.w.org\/{rel}","templated":true}]}}