{"id":310688,"date":"2025-08-11T02:42:15","date_gmt":"2025-08-11T02:42:15","guid":{"rendered":"https:\/\/www.europesays.com\/fr\/310688\/"},"modified":"2025-08-11T02:42:15","modified_gmt":"2025-08-11T02:42:15","slug":"inquietude-pour-jean-claude-van-damme-hospitalise-pres-de-montpellier-2","status":"publish","type":"post","link":"https:\/\/www.europesays.com\/fr\/310688\/","title":{"rendered":"Inqui\u00e9tude pour Jean-Claude Van Damme, hospitalis\u00e9 pr\u00e8s de Montpellier"},"content":{"rendered":"<p>On l\u2019avait retrouv\u00e9 en pleine forme dans un film un peu moins bien portant, \u00ab\u00a0Le Jardinier\u00a0\u00bb, avec Micha\u00ebl Youn sur Netflix\u2026 Mais les derni\u00e8res nouvelles du natif de Berchem-Sainte-Agathe, en Belgique, sont h\u00e9las moins rassurantes\u00a0: <a href=\"https:\/\/www.parismatch.com\/bio\/jean-claude-van-damme\" rel=\"nofollow noopener\" target=\"_blank\" data-ylk=\"slk:JCVD;elm:context_link;itc:0;sec:content-canvas\" class=\"link \">JCVD<\/a>, \u00e2g\u00e9 de 64\u00a0ans, a \u00e9t\u00e9 hospitalis\u00e9 pr\u00e8s de Montpellier, dans la clinique du Parc \u00e0 Castelnau-le-Lez, annonce <a href=\"https:\/\/www.midilibre.fr\/2025\/08\/09\/jean-claude-van-damme-a-montpellier-lacteur-a-subi-une-delicate-operation-a-la-clinique-du-parc-12868453.php\" rel=\"nofollow noopener\" target=\"_blank\" data-ylk=\"slk:Midi Libre;elm:context_link;itc:0;sec:content-canvas\" class=\"link \">Midi Libre<\/a>.<\/p>\n<p>La star de \u00ab\u00a0Double Impact\u00a0\u00bb y a \u00e9t\u00e9 op\u00e9r\u00e9e du dos ce samedi 9\u00a0ao\u00fbt. Une information confirm\u00e9e par le docteur Serge Constantin qui dirige le groupe auquel appartient la clinique o\u00f9 est hospitalis\u00e9 le sp\u00e9cialiste des arts martiaux. \u00ab\u00a0Normalement je ne communique pas sur l\u2019identit\u00e9 de nos patients durant leur s\u00e9jour. Mais oui, je vous confirme qu\u2019il \u00e9tait chez nous pendant huit jours\u00a0\u00bb explique-t-il au quotidien r\u00e9gional. Et il pr\u00e9cise pour tranquilliser les fans\u00a0: \u00ab\u00a0Nous avons une \u00e9quipe de quatre chirurgiens sp\u00e9cialis\u00e9s dans la colonne vert\u00e9brale.\u00a0\u00bb<\/p>\n<p>P\u00e9pins physiques&#8230; Et judiciaires<\/p>\n<p>L\u2019acteur, r\u00e9v\u00e9l\u00e9 par \u00ab\u00a0Bloodsport\u00a0\u00bb en 1988, n\u2019a pas \u00e9t\u00e9 \u00e9pargn\u00e9 par les probl\u00e8mes de sant\u00e9 au cours de sa vie. Outre les fr\u00e9quentes blessures li\u00e9es \u00e0 <a href=\"https:\/\/www.parismatch.com\/People\/Jean-Claude-Van-Damme-Je-voudrais-etre-la-pate-a-modeler-la-plus-musclee-du-cinema-1750038\" rel=\"nofollow noopener\" target=\"_blank\" data-ylk=\"slk:ses r\u00f4les tr\u00e8s physiques;elm:context_link;itc:0;sec:content-canvas\" class=\"link \">ses r\u00f4les tr\u00e8s physiques<\/a>, des m\u00e9dias am\u00e9ricains avaient \u00e9voqu\u00e9 une crise cardiaque en 2010, rumeur d\u00e9mentie \u00e0 l\u2019\u00e9poque par le principal int\u00e9ress\u00e9. Jean-Claude Van\u00a0Damme a par ailleurs reconnu avoir \u00e9t\u00e9 accro \u00e0 la coca\u00efne, d\u00e9pensant jusqu\u2019\u00e0 10\u00a0000\u00a0dollars par semaine pour s\u2019en procurer dans ses p\u00e9riodes les plus sombres. Une d\u00e9pendance vraisemblablement en rapport avec ses troubles bipolaires&#8230;<\/p>\n<p><a href=\"https:\/\/www.parismatch.com\/People\/inquietude-pour-jean-claude-van-damme-hospitalise-pres-de-montpellier-255418?at_medium=affiliate&amp;at_campaign=Yahoo\" rel=\"nofollow noopener\" target=\"_blank\" data-ylk=\"slk:Lire la suite sur ParisMatch;elm:context_link;itc:0;sec:content-canvas\" class=\"link \">Lire la suite sur ParisMatch<\/a><\/p>\n","protected":false},"excerpt":{"rendered":"On l\u2019avait retrouv\u00e9 en pleine forme dans un film un peu moins bien portant, \u00ab\u00a0Le Jardinier\u00a0\u00bb, avec Micha\u00ebl&hellip;\n","protected":false},"author":2,"featured_media":310689,"comment_status":"","ping_status":"","sticky":false,"template":"","format":"standard","meta":{"footnotes":""},"categories":[9599],"tags":[1111,11,45079,1777,674,1011,27,17234,45080,1313,2208,12,2680,25,45081],"class_list":{"0":"post-310688","1":"post","2":"type-post","3":"status-publish","4":"format-standard","5":"has-post-thumbnail","7":"category-montpellier","8":"tag-actu","9":"tag-actualites","10":"tag-clinique-du-parc","11":"tag-eu","12":"tag-europe","13":"tag-fr","14":"tag-france","15":"tag-hospitalise","16":"tag-le-jardinier","17":"tag-michael-youn","18":"tag-montpellier","19":"tag-news","20":"tag-occitanie","21":"tag-republique-francaise","22":"tag-serge-constantin"},"share_on_mastodon":{"url":"https:\/\/pubeurope.com\/@fr\/115007831593916637","error":""},"_links":{"self":[{"href":"https:\/\/www.europesays.com\/fr\/wp-json\/wp\/v2\/posts\/310688","targetHints":{"allow":["GET"]}}],"collection":[{"href":"https:\/\/www.europesays.com\/fr\/wp-json\/wp\/v2\/posts"}],"about":[{"href":"https:\/\/www.europesays.com\/fr\/wp-json\/wp\/v2\/types\/post"}],"author":[{"embeddable":true,"href":"https:\/\/www.europesays.com\/fr\/wp-json\/wp\/v2\/users\/2"}],"replies":[{"embeddable":true,"href":"https:\/\/www.europesays.com\/fr\/wp-json\/wp\/v2\/comments?post=310688"}],"version-history":[{"count":0,"href":"https:\/\/www.europesays.com\/fr\/wp-json\/wp\/v2\/posts\/310688\/revisions"}],"wp:featuredmedia":[{"embeddable":true,"href":"https:\/\/www.europesays.com\/fr\/wp-json\/wp\/v2\/media\/310689"}],"wp:attachment":[{"href":"https:\/\/www.europesays.com\/fr\/wp-json\/wp\/v2\/media?parent=310688"}],"wp:term":[{"taxonomy":"category","embeddable":true,"href":"https:\/\/www.europesays.com\/fr\/wp-json\/wp\/v2\/categories?post=310688"},{"taxonomy":"post_tag","embeddable":true,"href":"https:\/\/www.europesays.com\/fr\/wp-json\/wp\/v2\/tags?post=310688"}],"curies":[{"name":"wp","href":"https:\/\/api.w.org\/{rel}","templated":true}]}}