{"id":310694,"date":"2025-08-11T02:51:11","date_gmt":"2025-08-11T02:51:11","guid":{"rendered":"https:\/\/www.europesays.com\/fr\/310694\/"},"modified":"2025-08-11T02:51:11","modified_gmt":"2025-08-11T02:51:11","slug":"cosme-comme-lassassin-la-veuve-du-medecin-biologiste-accuse-dassassinat-a-nice-puis-acquitte-sort-du-silence-pour-laver-lhonneur-de-son-epoux","status":"publish","type":"post","link":"https:\/\/www.europesays.com\/fr\/310694\/","title":{"rendered":"\u00ab\u00a0Cosme? Comme l\u2019assassin?\u00a0\u00bb: la veuve du m\u00e9decin biologiste accus\u00e9 d\u2019assassinat \u00e0 Nice, puis acquitt\u00e9, sort du silence pour laver l\u2019honneur de son \u00e9poux"},"content":{"rendered":"<p>Sa peau est parsem\u00e9e de tatouages. Trente d\u2019entre eux font r\u00e9f\u00e9rence \u00e0 son mari qu\u2019elle a tant aim\u00e9. Son visage, ses yeux, les mots d\u2019amour qu\u2019il lui \u00e9crivait sont grav\u00e9s en elle.<\/p>\n<p>Un amour hors norme n\u00e9 dans l\u2019ombre d\u2019une sombre affaire. C\u2019est en 2013 que Katie d\u00e9couvre Dominique Cosme\u2026 dans une \u00e9mission de faits divers. \u00ab\u00a0J\u2019adore les \u00e9missions de crimes, et puis un jour je me suis r\u00e9veill\u00e9e au son de sa voix, comme \u00e7a, d\u2019un coup. Et l\u00e0 j\u2019ai vu ce m\u00e9decin avec la larme \u00e0 l\u2019\u0153il. J\u2019ai eu un gros boom\u00a0\u00bb, se souvient-elle. Touch\u00e9e, elle lui \u00e9crit. Il lui r\u00e9pond.<\/p>\n<p>Deux semaines plus tard ils se rencontrent, puis s\u2019installent ensemble, se marient et ne se quittent plus. \u00c0 l\u2019\u00e9poque, m\u00eame innocent\u00e9, <strong>Dominique Cosme, m\u00e9decin biologiste, tra\u00eene le poids d\u2019une lourde accusation<\/strong>. Celle d\u2019avoir assassin\u00e9 son associ\u00e9.<\/p>\n<p>              <img ci-src=\"https:\/\/www.nicematin.com\/temoignage\/protec\/DATA_ART_16043349-SyC6Xzhn.jpg?vh=f5bd59&amp;ci_seal=1badbbd2eb\" alt=\"\"\/><\/p>\n<p>                                <strong>Un enfer judiciaire<\/strong><\/p>\n<p>Le 28 f\u00e9vrier 1998, \u00e0 Nice, <strong>Pascal Vito, 49 ans, est retrouv\u00e9 sans vie allong\u00e9 sur son lit<\/strong>. L\u2019enqu\u00eate s\u2019oriente d\u2019abord vers un suicide, puis vers un accident, avec un passage pour Dominique Cosme devant le tribunal correctionnel pour \u00ab\u00a0homicide involontaire\u00a0\u00bb. L\u2019incomp\u00e9tence de la juridiction est requise, car pour le procureur Ludovic Dupr\u00e9, les faits relev\u00e9s sont \u00ab\u00a0de nature \u00e0 entra\u00eener une peine criminelle\u00a0\u00bb. Dominique Cosme, m\u00e9decin biologiste, est alors accus\u00e9 d\u2019avoir volontairement administr\u00e9 \u00e0 la victime <strong>une dose l\u00e9tale d\u2019\u00c9quanil<\/strong>, un anxiolytique interdit depuis, dans le but de bloquer la vente du laboratoire de la rue Gioffredo \u00e0 Nice dont il d\u00e9tenait 75% des parts. Et dans lequel, Pascal Vito jouait le financier sans que son nom n\u2019apparaisse dans les statuts de la soci\u00e9t\u00e9, ni qu\u2019il n\u2019en d\u00e9tienne la moindre part. Par discr\u00e9tion fiscale dit-on. L\u2019information judiciaire est cl\u00f4tur\u00e9e en octobre 2007.<\/p>\n<p>Le 29 juin 2009, Dominique Cosme assist\u00e9 de ses avocats, Ma\u00eetres Pascal Klein et G\u00e9rard Baudoux, comparait devant la cour d\u2019assises des Alpes-Maritimes. Apr\u00e8s cinq jours d\u2019un proc\u00e8s mouvement\u00e9 et tr\u00e8s m\u00e9diatis\u00e9, le verdict tombe: Cosme est acquitt\u00e9. Une d\u00e9cision probablement influenc\u00e9e par les r\u00e9quisitions de l\u2019avocat g\u00e9n\u00e9ral <strong>\u00c9ric de Montgolfier, qui reconna\u00eet publiquement ne pouvoir apporter la charge de la preuve<\/strong>. Il d\u00e9clare: \u00ab\u00a0Je suis entr\u00e9 dans cette enceinte convaincu de sa culpabilit\u00e9. Aujourd\u2019hui, je suis s\u00fbr de ne pas pouvoir la d\u00e9montrer. Je ne sais pas s\u2019il y a eu assassinat ou suicide. Quant \u00e0 la derni\u00e8re option, l\u2019homicide par imprudence, je ne peux pas davantage prouver que l\u2019accus\u00e9 ait pris conscience du danger (en injectant par voie intraveineuse \u00e0 son associ\u00e9 une dose d\u2019\u00e9quanil)\u00a0\u00bb.<\/p>\n<p><strong>Un homme bris\u00e9<\/strong><\/p>\n<p>Pour Katie, le doute n\u2019est pas permis. Dominique est innocent. \u00ab\u00a0Il n\u2019aurait pas fait de mal \u00e0 une mouche. C\u2019\u00e9tait un homme d\u2019une sensibilit\u00e9 exceptionnelle, d\u2019une extr\u00eame douceur\u00a0\u00bb, confie-t-elle. Elle souligne combien les 13 ann\u00e9es de proc\u00e9dure l\u2019ont profond\u00e9ment affect\u00e9. M\u00eame apr\u00e8s son acquittement, Dominique restait hant\u00e9 par cette affaire. \u00ab\u00a0Il lui arrivait d\u2019avoir le regard perdu. Je lui disais: \u201cArr\u00eate de ressasser le proc\u00e8s\u00a0\u00bb\u00a0\u00bb. Katie raconte que<strong> son mari se rendait fr\u00e9quemment sur la tombe de Pascal Vito<\/strong> et fondait en larmes \u00e0 chaque fois. Il parlait souvent de cet ami cher avec qui il avait des projets, selon la veuve. Des envies d\u2019ailleurs.<\/p>\n<p>              <img ci-src=\"https:\/\/www.nicematin.com\/temoignage\/protec\/DATA_ART_16043350-ITSto47x.jpg?vh=071e0c&amp;ci_seal=00ba6123b6\" alt=\"\"\/><\/p>\n<p>                                <strong>Un deuil vol\u00e9, une m\u00e9moire pi\u00e9tin\u00e9e<\/strong><\/p>\n<p>Dominique Cosme meurt en d\u00e9cembre 2020 \u00e0 l\u2019\u00e2ge de 74 ans, emport\u00e9 par la Covid-19. Katie l\u2019accompagne jusqu\u2019\u00e0 son dernier souffle. \u00ab\u00a0J\u2019ai tout fait. Je lui ai fait sa toilette mortuaire. C\u2019\u00e9tait mon mari, ma moiti\u00e9, mon organe vital.\u00a0\u00bb Elle est aujourd\u2019hui encore profond\u00e9ment d\u00e9vast\u00e9e et continue de faire face \u00e0 ce qu\u2019elle consid\u00e8re comme \u00ab\u00a0des attaques\u00a0\u00bb. <strong>Parfois, lorsqu\u2019elle indique son nom, on lui r\u00e9torque: \u00ab\u00a0Cosme? Comme l\u2019assassin?\u00a0\u00bb<\/strong>. Sur Facebook, elle a m\u00eame d\u00fb changer de nom.<\/p>\n<p> \u00ab\u00a0Il a tellement \u00e9t\u00e9 sali, on est m\u00eame venu caillasser notre maison. J\u2019en subis encore les affres aujourd\u2019hui\u00a0\u00bb, souffle-t-elle. Et d\u2019ajouter, \u00e9puis\u00e9e: \u00ab\u00a0En deuil, j\u2019allume la t\u00e9l\u00e9: une \u00e9mission. Je vais sur YouTube: un podcast. Des messages, des insultes. Des gens ont m\u00eame vol\u00e9 des photos de moi avec lui pour les publier sans autorisation.\u00a0\u00bb Une \u00e9mission d\u00e9nonce-t-elle a m\u00eame os\u00e9 titrer \u00ab\u00a0Un m\u00e9decin maquille un crime en suicide\u00a0\u00bb. Elle contacte ses avocats, bataille, fait retirer l\u2019\u00e9pisode. \u00ab\u00a0C\u2019\u00e9tait un combat, en plein deuil, en plein choc post-traumatique.\u00a0\u00bb Elle le dit sans d\u00e9tour: <strong>\u00ab\u00a0Je veux qu\u2019on respecte la m\u00e9moire de Dominique. Il a \u00e9t\u00e9 acquitt\u00e9.<\/strong> Il faut arr\u00eater de ha\u00efr au nom d\u2019une affaire qu\u2019on ne conna\u00eet pas.\u00a0\u00bb<\/p>\n<p><strong>Un appel \u00e0 la paix et au respect<\/strong><\/p>\n<p>Une imprimante qui s\u2019allume seule. Une lumi\u00e8re qui clignote. \u00ab\u00a0Trois jours apr\u00e8s sa mort, j\u2019ai senti une pression sur mon pouce. Il m\u2019avait promis de me faire des signes. Il tient parole\u00a0\u00bb, affirme-t-elle les yeux remplis de larmes. Pour le convaincre qu\u2019il n\u2019\u00e9tait pas un fardeau lorsqu\u2019on lui a d\u00e9tect\u00e9 un cancer de la prostate en 2015, elle l\u2019a m\u00eame redemand\u00e9 en mariage, \u00e0 son insu. \u00ab\u00a0Je voulais lui montrer \u00e0 quel point j\u2019\u00e9tais fi\u00e8re d\u2019\u00eatre son \u00e9pouse\u00a0\u00bb. Aujourd\u2019hui, Katie demande la paix. Pour elle, pour lui. \u00ab\u00a0On m\u2019a vol\u00e9 mon deuil. Il est temps qu\u2019on respecte la d\u00e9cision de justice de 2009.\u00a0\u00bb Et elle conclut, le c\u0153ur serr\u00e9: \u00ab\u00a0C\u2019\u00e9tait l\u2019amour de ma vie. Et je veux que le monde le sache.\u00a0\u00bb<\/p>\n","protected":false},"excerpt":{"rendered":"Sa peau est parsem\u00e9e de tatouages. Trente d\u2019entre eux font r\u00e9f\u00e9rence \u00e0 son mari qu\u2019elle a tant aim\u00e9.&hellip;\n","protected":false},"author":2,"featured_media":310695,"comment_status":"","ping_status":"","sticky":false,"template":"","format":"standard","meta":{"footnotes":""},"categories":[2819],"tags":[1111,11,1777,674,1011,27,12,2401,882,25,240],"class_list":{"0":"post-310694","1":"post","2":"type-post","3":"status-publish","4":"format-standard","5":"has-post-thumbnail","7":"category-nice","8":"tag-actu","9":"tag-actualites","10":"tag-eu","11":"tag-europe","12":"tag-fr","13":"tag-france","14":"tag-news","15":"tag-nice","16":"tag-provence-alpes-cote-dazur","17":"tag-republique-francaise","18":"tag-temoignage"},"share_on_mastodon":{"url":"https:\/\/pubeurope.com\/@fr\/115007867153818829","error":""},"_links":{"self":[{"href":"https:\/\/www.europesays.com\/fr\/wp-json\/wp\/v2\/posts\/310694","targetHints":{"allow":["GET"]}}],"collection":[{"href":"https:\/\/www.europesays.com\/fr\/wp-json\/wp\/v2\/posts"}],"about":[{"href":"https:\/\/www.europesays.com\/fr\/wp-json\/wp\/v2\/types\/post"}],"author":[{"embeddable":true,"href":"https:\/\/www.europesays.com\/fr\/wp-json\/wp\/v2\/users\/2"}],"replies":[{"embeddable":true,"href":"https:\/\/www.europesays.com\/fr\/wp-json\/wp\/v2\/comments?post=310694"}],"version-history":[{"count":0,"href":"https:\/\/www.europesays.com\/fr\/wp-json\/wp\/v2\/posts\/310694\/revisions"}],"wp:featuredmedia":[{"embeddable":true,"href":"https:\/\/www.europesays.com\/fr\/wp-json\/wp\/v2\/media\/310695"}],"wp:attachment":[{"href":"https:\/\/www.europesays.com\/fr\/wp-json\/wp\/v2\/media?parent=310694"}],"wp:term":[{"taxonomy":"category","embeddable":true,"href":"https:\/\/www.europesays.com\/fr\/wp-json\/wp\/v2\/categories?post=310694"},{"taxonomy":"post_tag","embeddable":true,"href":"https:\/\/www.europesays.com\/fr\/wp-json\/wp\/v2\/tags?post=310694"}],"curies":[{"name":"wp","href":"https:\/\/api.w.org\/{rel}","templated":true}]}}