{"id":310700,"date":"2025-08-11T02:57:16","date_gmt":"2025-08-11T02:57:16","guid":{"rendered":"https:\/\/www.europesays.com\/fr\/310700\/"},"modified":"2025-08-11T02:57:16","modified_gmt":"2025-08-11T02:57:16","slug":"canicule-en-vigilance-rouge-bordeaux-et-la-gironde-sappretent-a-suffoquer","status":"publish","type":"post","link":"https:\/\/www.europesays.com\/fr\/310700\/","title":{"rendered":"Canicule : en vigilance rouge, Bordeaux et la Gironde s&rsquo;appr\u00eatent \u00e0 suffoquer"},"content":{"rendered":"<p class=\"wp-block-post-excerpt__excerpt\">Le d\u00e9partement de la Gironde sera en vigilance rouge canicule \u00ab\u00a0\u00e0 compter du lundi 11 ao\u00fbt \u00e0 12h, et ce jusqu\u2019au mardi 12 ao\u00fbt \u00e0 6h minimum\u00a0\u00bb. Les temp\u00e9ratures pourraient d\u00e9passer les 43\u00b0C en journ\u00e9e, et se maintenir \u00e0 29\u00b0C en soir\u00e9e et autour de 20\u00b0C la nuit. <\/p>\n<p class=\"font-sans\">\n\t\t\tCet article est en acc\u00e8s libre. Pour soutenir Rue89Bordeaux,<br \/>\n\t\t\t<a class=\"underline\" href=\"https:\/\/rue89bordeaux.com\/abonnement\/\" target=\"_blank\" rel=\"noopener\">abonnez-vous<\/a>.\n\t\t<\/p>\n<p>Simon Barth\u00e9l\u00e9my<\/p>\n<p>Publi\u00e9 le 10 ao\u00fbt 2025\u00a0\u00a0\u00b7\u00a0\u00a0<\/p>\n<p>Imprim\u00e9 le 11 ao\u00fbt 2025 \u00e0 04h57\u00a0\u00a0\u00b7\u00a0\u00a0<\/p>\n<p>Modifi\u00e9 le 10 ao\u00fbt 2025\u00a0\u00a0\u00b7\u00a0\u00a0<\/p>\n<p>\t\t\t\t\t2\u00a0minutes\n<\/p>\n<p>Le pr\u00e9fet de la Gironde \u00ab\u00a0a inform\u00e9 l\u2019ensemble des maires et a plac\u00e9 les services d\u2019urgence, les services de secours et les associations de protection civile en pr\u00e9-alerte\u00a0\u00bb, indiquent les services de l\u2019Etat dans un communiqu\u00e9 ce dimanche. Une cellule d\u00e9partementale canicule sera r\u00e9unie pour piloter le dispositif de pr\u00e9vention.<\/p>\n<p>Il \u00ab\u00a0appelle chacun \u00e0 la plus grande vigilance, notamment pour prot\u00e9ger les personnes \u00e2g\u00e9es, les personnes atteintes de maladies chroniques ou de troubles de la sant\u00e9 mentale, les personnes qui prennent r\u00e9guli\u00e8rement des m\u00e9dicaments et les personnes isol\u00e9es.\u00a0\u00bb<\/p>\n<p>Toute manifestation publique se tenant \u00e0 l\u2019ext\u00e9rieur ou dans des locaux non-climatis\u00e9s sera interdite d\u00e8s ce lundi midi, et jusqu\u2019\u00e0 la fin de l\u2019\u00e9pisode caniculaire en vigilance rouge. Les feux d\u2019artifices ne seront pas autoris\u00e9s jusqu\u2019\u00e0 mardi 6h, d\u2019autant que <a href=\"https:\/\/rue89bordeaux.com\/2025\/08\/risque-dincendie-la-gironde-passe-en-vigilance-orange-ce-vendredi-8-aout\/\" target=\"_blank\" rel=\"noopener\">le d\u00e9partement reste en vigilance orange aux feux de for\u00eat<\/a>, avec des mesures d\u2019interdiction toujours en vigueur.<\/p>\n<p>\t\t\u00ab\u00a043\u00a0\u00b0C \u00e0 Bordeaux c\u2019est pas l\u2019\u00e9t\u00e9, c\u2019est l\u2019enfer\u00a0\u00bb<\/p>\n<p>M\u00e9t\u00e9o France a plac\u00e9 12 d\u00e9partements en vigilance rouge pour cette deuxi\u00e8me vague de chaleur de l\u2019\u00e9t\u00e9, dont la Gironde, o\u00f9 le thermom\u00e8tre pourrait atteindre des sommets in\u00e9dits \u2013 <a href=\"https:\/\/www.franceinfo.fr\/environnement\/crise-climatique\/canicule-42-6-degres-record-de-chaleur-battu-a-bordeaux_3548413.html\" target=\"_blank\" rel=\"noopener\">le record de chaleur est de 42,6\u00b0C \u00e0 Bordeaux, en 2019<\/a>. D\u00e9passer les 40 degr\u00e9s n\u2019a rien de \u00abnormal\u00bb, indique <a href=\"https:\/\/x.com\/SergeZaka\/status\/1954509391853416472\" target=\"_blank\" rel=\"noreferrer noopener\">sur X<\/a> l\u2019agroclimatologue Serge Zaka, rappelant que \u00ables temp\u00e9ratures pr\u00e9vues [lundi] seront 14 \u00e0 17\u00a0\u00b0C au-dessus de la moyenne pour un 11\u00a0ao\u00fbt\u00bb.<\/p>\n<p>\u00ab\u00a0Non, 43\u00a0\u00b0C \u00e0 Bordeaux c\u2019est pas l\u2019\u00e9t\u00e9, c\u2019est l\u2019enfer\u00a0\u00bb, selon le site <a href=\"https:\/\/x.com\/aallicheoff\/status\/1954463463213842714\" target=\"_blank\" rel=\"noreferrer noopener\">M\u00e9t\u00e9ovillages<\/a>. Les donn\u00e9es de M\u00e9t\u00e9o France pointent en effet une temp\u00e9rature maximale moyenne de la ville de pierre de 27,6\u00b0C, au mois d\u2019ao\u00fbt, entre\u00a01991 et\u00a02020.<\/p>\n<blockquote class=\"twitter-tweet\" data-width=\"500\" data-dnt=\"true\">\n<p lang=\"fr\" dir=\"ltr\">\u274c Non, 43\u00b0C \u00e0 Bordeaux c&rsquo;est pas l&rsquo;\u00e9t\u00e9, c&rsquo;est l&rsquo;enfer.<\/p>\n<p>\ud83d\udc49 La normale d&rsquo;ao\u00fbt dans cette ville est de 26-28\u00b0C. Lundi, on sera donc jusqu&rsquo;\u00e0 17\u00b0C au-dessus des normales.<\/p>\n<p>En comparaison d&rsquo;\u00e9cart, c&rsquo;est comme s&rsquo;il faisait, toujours \u00e0 Bordeaux, -14\u00b0C un matin de janvier. <a href=\"https:\/\/twitter.com\/hashtag\/canicule?src=hash&amp;ref_src=twsrc%5Etfw\" target=\"_blank\" rel=\"noopener\">#canicule<\/a> <a href=\"https:\/\/t.co\/p1o0pKaIdt\">https:\/\/t.co\/p1o0pKaIdt<\/a> <a href=\"https:\/\/t.co\/BDbn2SOv4t\">pic.twitter.com\/BDbn2SOv4t<\/a><\/p>\n<p>\u2014 M\u00e9t\u00e9ovillages (@aallicheoff) <a href=\"https:\/\/twitter.com\/aallicheoff\/status\/1954463463213842714?ref_src=twsrc%5Etfw\" target=\"_blank\" rel=\"noopener\">August 10, 2025<\/a><\/p><\/blockquote>\n<p>La pr\u00e9fecture rappelle les bons gestes \u00e0 suivre \u2013 fermer fen\u00eatres et volets la journ\u00e9e, ne les ouvrir que la nuit tomb\u00e9e, boire r\u00e9guli\u00e8rement de l\u2019eau et se mouiller le corps plusieurs fois par jour, passer une partie de la journ\u00e9e dans un lieu frais, ne pas pratiquer d\u2019activit\u00e9 physique aux heures chaudes\u2026<br \/>Un num\u00e9ro d\u2019information est \u00e0 disposition du public : 0800 06 66 66 (appel gratuit depuis<br \/>un poste fixe).<\/p>\n<p>Rue89 Bordeaux a besoin de vos dons<\/p>\n<p>Mille mercis \u00e0 nos 131 donateurs ! Gr\u00e2ce \u00e0 vous, nous avons atteint notre objectif initial de 10\u202f000\u202f\u20ac. Ce soutien va nous permettre de renflouer notre tr\u00e9sorerie, apr\u00e8s le d\u00e9sengagement en 2025 d\u2019un annonceur important \u2013 Bordeaux M\u00e9tropole \u2013 et de r\u00e9gler nos factures en attente.<br \/>Cependant, la cagnotte reste ouverte jusqu\u2019\u00e0 fin septembre afin de vous laisser l\u2019occasion de continuer \u00e0 soutenir votre m\u00e9dia ind\u00e9pendant. Chaque don est d\u00e9ductible des imp\u00f4ts \u00e0 hauteur de 66\u202f%. En recevoir davantage nous permettra de consolider nos finances, d\u2019envisager une rentr\u00e9e sereine, et surtout, d\u2019enrichir nos contenus et de renforcer notre r\u00e9daction.<\/p>\n<p><script async src=\"https:\/\/platform.twitter.com\/widgets.js\" charset=\"utf-8\"><\/script><\/p>\n","protected":false},"excerpt":{"rendered":"Le d\u00e9partement de la Gironde sera en vigilance rouge canicule \u00ab\u00a0\u00e0 compter du lundi 11 ao\u00fbt \u00e0 12h,&hellip;\n","protected":false},"author":2,"featured_media":310701,"comment_status":"","ping_status":"","sticky":false,"template":"","format":"standard","meta":{"footnotes":""},"categories":[2817],"tags":[1111,11,1997,6698,1777,674,1011,27,2357,12,2219,7131,25],"class_list":{"0":"post-310700","1":"post","2":"type-post","3":"status-publish","4":"format-standard","5":"has-post-thumbnail","7":"category-bordeaux","8":"tag-actu","9":"tag-actualites","10":"tag-bordeaux","11":"tag-canicule","12":"tag-eu","13":"tag-europe","14":"tag-fr","15":"tag-france","16":"tag-meteo-france","17":"tag-news","18":"tag-nouvelle-aquitaine","19":"tag-prefecture-de-la-gironde","20":"tag-republique-francaise"},"share_on_mastodon":{"url":"https:\/\/pubeurope.com\/@fr\/115007890637310465","error":""},"_links":{"self":[{"href":"https:\/\/www.europesays.com\/fr\/wp-json\/wp\/v2\/posts\/310700","targetHints":{"allow":["GET"]}}],"collection":[{"href":"https:\/\/www.europesays.com\/fr\/wp-json\/wp\/v2\/posts"}],"about":[{"href":"https:\/\/www.europesays.com\/fr\/wp-json\/wp\/v2\/types\/post"}],"author":[{"embeddable":true,"href":"https:\/\/www.europesays.com\/fr\/wp-json\/wp\/v2\/users\/2"}],"replies":[{"embeddable":true,"href":"https:\/\/www.europesays.com\/fr\/wp-json\/wp\/v2\/comments?post=310700"}],"version-history":[{"count":0,"href":"https:\/\/www.europesays.com\/fr\/wp-json\/wp\/v2\/posts\/310700\/revisions"}],"wp:featuredmedia":[{"embeddable":true,"href":"https:\/\/www.europesays.com\/fr\/wp-json\/wp\/v2\/media\/310701"}],"wp:attachment":[{"href":"https:\/\/www.europesays.com\/fr\/wp-json\/wp\/v2\/media?parent=310700"}],"wp:term":[{"taxonomy":"category","embeddable":true,"href":"https:\/\/www.europesays.com\/fr\/wp-json\/wp\/v2\/categories?post=310700"},{"taxonomy":"post_tag","embeddable":true,"href":"https:\/\/www.europesays.com\/fr\/wp-json\/wp\/v2\/tags?post=310700"}],"curies":[{"name":"wp","href":"https:\/\/api.w.org\/{rel}","templated":true}]}}