{"id":310706,"date":"2025-08-11T03:01:11","date_gmt":"2025-08-11T03:01:11","guid":{"rendered":"https:\/\/www.europesays.com\/fr\/310706\/"},"modified":"2025-08-11T03:01:11","modified_gmt":"2025-08-11T03:01:11","slug":"om-lille-ol-monaco-lens-dans-quel-etat-de-forme-arrivent-les-clubs-francais-a-moins-dune-semaine-de-la-reprise-du-championnat-2","status":"publish","type":"post","link":"https:\/\/www.europesays.com\/fr\/310706\/","title":{"rendered":"OM, Lille, OL, Monaco, Lens&#8230; dans quel \u00e9tat de forme arrivent les clubs fran\u00e7ais \u00e0 moins d\u2019une semaine de la reprise du championnat?"},"content":{"rendered":"<p class=\"mb-4 text-lg md:leading-8 break-words\">\u00c0 seulement cinq jours de son premier match en Ligue 1, l\u2019Olympique de Marseille a envoy\u00e9 un signal fort pour son dernier test avant la reprise du championnat, avec un succ\u00e8s sur sa pelouse <a href=\"https:\/\/rmcsport.bfmtv.com\/football\/clubs\/olympique-marseille\/direct-om-aston-villa-suivez-le-dernier-match-de-preparation-des-marseillais-au-velodrome-en-live_LS-202508090037.html\" rel=\"nofollow noopener\" target=\"_blank\" data-ylk=\"slk:contre Aston Villa;elm:context_link;itc:0;sec:content-canvas\" class=\"link \">contre Aston Villa<\/a> (3-1), quart de finaliste de la derni\u00e8re Ligue des champions. L\u2019OM a montr\u00e9 un visage offensif, s\u00e9duisant, r\u00e9pondant d\u00e9j\u00e0 par certaines phases aux principes de jeu voulus par son entra\u00eeneur <a href=\"https:\/\/rmcsport.bfmtv.com\/football\/ligue-1\/video-om-3-1-aston-villa-une-hierarchie-entre-gouiri-et-aubameyang-de-zerbi-met-les-choses-au-clair_VN-202508100124.html\" rel=\"nofollow noopener\" target=\"_blank\" data-ylk=\"slk:Roberto De Zerbi;elm:context_link;itc:0;sec:content-canvas\" class=\"link \">Roberto De Zerbi<\/a>.<\/p>\n<p class=\"mb-4 text-lg md:leading-8 break-words\">Mason Greenwood, d\u00e9j\u00e0 auteur de sept buts pendant cette p\u00e9riode de pr\u00e9-saison, est en pleine confiance. Tout comme <a href=\"https:\/\/fr.news.yahoo.com\/sport\/om-s%C3%A9ville-ovation-grand-sourire-203456400.html\" data-ylk=\"slk:Pierre-Emerick Aubameyang;elm:context_link;itc:0;sec:content-canvas;outcm:mb_qualified_link;_E:mb_qualified_link;ct:story;\" class=\"link  yahoo-link\" target=\"_blank\" rel=\"noopener\">Pierre-Emerick Aubameyang<\/a>, qui a sign\u00e9 un doubl\u00e9 samedi soir face \u00e0 Aston Villa, de retour chez les Phoc\u00e9ens, un an apr\u00e8s un passage en Arabie Saoudite.<\/p>\n<p class=\"mb-4 text-lg md:leading-8 break-words\">L\u2019OM entame donc le championnat en \u00e9tant invaincu apr\u00e8s six matchs de pr\u00e9paration et avec un mercato d\u00e9j\u00e0 bien avanc\u00e9.<\/p>\n<p>Lens, Lille et Monaco, les bons \u00e9l\u00e8ves<\/p>\n<p class=\"mb-4 text-lg md:leading-8 break-words\">Du c\u00f4t\u00e9 du <a href=\"https:\/\/fr.news.yahoo.com\/sport\/rc-lens-mariage-%C3%A9tait-garanti-205634214.html\" data-ylk=\"slk:RC Lens;elm:context_link;itc:0;sec:content-canvas;outcm:mb_qualified_link;_E:mb_qualified_link;ct:story;\" class=\"link  yahoo-link\" target=\"_blank\" rel=\"noopener\">RC Lens<\/a>, la pr\u00e9paration est \u00e9galement convaincante. Les Sang et Or ont conclu leur s\u00e9rie de matchs amicaux sur une victoire solide face au RB Leipzig (2-1) \u00e0 Bollaert, apr\u00e8s avoir d\u00e9j\u00e0 montr\u00e9 de belles choses face \u00e0 Wolverhampton fin juillet (3-1). Mais l\u2019\u00e9v\u00e9nement de l\u2019\u00e9t\u00e9 \u00e0 Lens, c\u2019est \u00e9videmment l\u2019arriv\u00e9e du champion du monde 2018, <a href=\"https:\/\/fr.news.yahoo.com\/sport\/rc-lens-%C3%A0-peine-entr%C3%A9-180601266.html\" data-ylk=\"slk:Florian Thauvin;elm:context_link;itc:0;sec:content-canvas;outcm:mb_qualified_link;_E:mb_qualified_link;ct:story;\" class=\"link  yahoo-link\" target=\"_blank\" rel=\"noopener\">Florian Thauvin<\/a>. Si certains avaient encore des doutes sur les capacit\u00e9s de l\u2019ancien marseillais \u00e0 \u00eatre d\u00e9cisif, ils ont \u00e9t\u00e9 rassur\u00e9s en \u00e0 peine quelques minutes. Pour sa premi\u00e8re apparition sous ses nouvelles couleurs, l\u2019ancien joueur de l\u2019Udinese s\u2019est tout de suite mis au diapason de ses co\u00e9quipiers, en d\u00e9livrant une passe d\u00e9cisive moins d\u2019une minute apr\u00e8s son entr\u00e9e en jeu. Les Nordistes sortent de cette p\u00e9riode de pr\u00e9-saison avec seulement une seule petite d\u00e9faite face \u00e0 l\u2019AS Roma (2-0).<\/p>\n<p class=\"mb-4 text-lg md:leading-8 break-words\">De son c\u00f4t\u00e9, Lille a \u00e9galement montr\u00e9 de tr\u00e8s belles choses cet \u00e9t\u00e9, malgr\u00e9 les d\u00e9parts de plusieurs cadres comme <a href=\"https:\/\/fr.news.yahoo.com\/sport\/mercato-apr%C3%A8s-larriv%C3%A9e-chevalier-avenir-183955456.html\" data-ylk=\"slk:Lucas Chevalier;elm:context_link;itc:0;sec:content-canvas;outcm:mb_qualified_link;_E:mb_qualified_link;ct:story;\" class=\"link  yahoo-link\" target=\"_blank\" rel=\"noopener\">Lucas Chevalier<\/a>, Jonathan David, <a href=\"https:\/\/fr.news.yahoo.com\/sport\/mercato-diakit%C3%A9-met-daccord-bournemouth-111141143.html\" data-ylk=\"slk:Bafod\u00e9 Diakit\u00e9;elm:context_link;itc:0;sec:content-canvas;outcm:mb_qualified_link;_E:mb_qualified_link;ct:story;\" class=\"link  yahoo-link\" target=\"_blank\" rel=\"noopener\">Bafod\u00e9 Diakit\u00e9<\/a> ou encore R\u00e9my Cabella. Apr\u00e8s des victoires solides face \u00e0 la Gantoise et Amiens, les hommes de Bruno Genesio ont su rivaliser avec le Borussia Dortmund, malgr\u00e9 une courte d\u00e9faite (3-2). Face \u00e0 Venise (3-0) et West Ham (1-1, 4-5 apr\u00e8s TAB), les Dogues ont pu compter sur leur nouvel attaquant de pointe arriv\u00e9 cet \u00e9t\u00e9, <a href=\"https:\/\/rmcsport.bfmtv.com\/football\/olivier-giroud_DN-202108310553.html\" rel=\"nofollow noopener\" target=\"_blank\" data-ylk=\"slk:Olivier Giroud;elm:context_link;itc:0;sec:content-canvas\" class=\"link \">Olivier Giroud<\/a>, d\u00e9j\u00e0 auteur de trois buts. Le retour du champion du monde 2018 en Ligue 1, apr\u00e8s ses ann\u00e9es montpelli\u00e9raines, sera l\u2019une des attractions de ce d\u00e9but de championnat dans le Nord.<\/p>\n<p class=\"mb-4 text-lg md:leading-8 break-words\">Monaco a g\u00e9r\u00e9 sa pr\u00e9-saison avec s\u00e9rieux. Huit matchs et seulement une d\u00e9faite lors du dernier test \u00e0 domicile face aux finalistes de la derni\u00e8re Ligue des champions, <a href=\"https:\/\/rmcsport.bfmtv.com\/football\/ligue-1\/direct-monaco-inter-milan-suivez-le-match-de-prestige-des-monegasques-contre-les-milanais-en-live_LS-202508080403.html\" rel=\"nofollow noopener\" target=\"_blank\" data-ylk=\"slk:l\u2019Inter Milan (2-1);elm:context_link;itc:0;sec:content-canvas\" class=\"link \">l\u2019Inter Milan (2-1)<\/a>. Mais avant cet unique revers, les hommes d\u2019Adi H\u00fctter ont r\u00e9alis\u00e9 un sans-faute avec des succ\u00e8s contre le Torino, Coventry ou encore le Cercle Bruges. En attendant le retour de Paul Pogba et d\u2019Ansu Fati sur les terrains, les Mon\u00e9gasques affichent un visage conqu\u00e9rant, avec notamment Maghnes Akliouche, auteur de cinq buts en pr\u00e9paration.<\/p>\n<p>Lyon, le temps des doutes?<\/p>\n<p class=\"mb-4 text-lg md:leading-8 break-words\">Apr\u00e8s une fin de saison difficile l\u2019an dernier, avec des passages r\u00e9p\u00e9t\u00e9s devant la DNCG et une place conserv\u00e9e sur le gong en Ligue 1, l\u2019Olympique Lyonnais a correctement pr\u00e9par\u00e9 sa rentr\u00e9e. Les Gones ont pris confiance avec deux larges succ\u00e8s face aux Allemands de Hambourg (4-0), avant de r\u00e9aliser la m\u00eame performance quatre jours plus tard face \u00e0 Majorque. Juste avant leur dernier match face \u00e0 Getafe (victoire 2-1), les hommes de <a href=\"https:\/\/fr.news.yahoo.com\/sport\/ol-conseil-fonseca-%C3%A0-cherki-100022734.html\" data-ylk=\"slk:Paulo Fonseca;elm:context_link;itc:0;sec:content-canvas;outcm:mb_qualified_link;_E:mb_qualified_link;ct:story;\" class=\"link  yahoo-link\" target=\"_blank\" rel=\"noopener\">Paulo Fonseca<\/a> ont pu se mesurer \u00e0 un grand d\u2019Europe et ne se sont inclin\u00e9s que d\u2019un petit but face au Bayern Munich (2-1).<\/p>\n<p class=\"mb-4 text-lg md:leading-8 break-words\">Seule ombre au tableau dans cette pr\u00e9-saison, <a href=\"https:\/\/fr.news.yahoo.com\/sport\/patron-dncg-r%C3%A9v%C3%A8le-coulisses-auditions-201203478.html\" data-ylk=\"slk:les d\u00e9cisions de la DNCG;elm:context_link;itc:0;sec:content-canvas;outcm:mb_qualified_link;_E:mb_qualified_link;ct:story;\" class=\"link  yahoo-link\" target=\"_blank\" rel=\"noopener\">les d\u00e9cisions de la DNCG<\/a> (encadrement de la masse salariale et indemnit\u00e9s de mutation) rendent plus d\u00e9licat le mercato de l\u2019OL, qui devra s\u2019appuyer sur des \u00e9l\u00e9ments d\u00e9j\u00e0 pr\u00e9sents au club, comme Georges Mikautadze, buteur \u00e0 trois reprises sur ces matchs amicaux, pour esp\u00e9rer accrocher une place europ\u00e9enne en fin de saison.<\/p>\n<p>Toulouse, l\u2019alerte rouge<\/p>\n<p class=\"mb-4 text-lg md:leading-8 break-words\">C\u2019est le vrai point noir de cette pr\u00e9paration chez les clubs de Ligue 1, puisque Toulouse n\u2019a pas gagn\u00e9 un seul match ces derni\u00e8res semaines. La pr\u00e9-saison a d\u00e9but\u00e9 par un match nul peu convaincant face \u00e0 Pau (0-0), pensionnaire de Ligue 2, et s\u2019est poursuivie par une d\u00e9faite face aux Anglais des Queens Park Rangers (2-1), 15\u00e8me de Championship la saison pass\u00e9e. Les r\u00e9sultats ont ensuite empir\u00e9 pour les hommes de Carles Martinez Novell: une <a href=\"https:\/\/fr.news.yahoo.com\/sport\/ligue-1-toulouse-humili%C3%A9-7-082942762.html\" data-ylk=\"slk:humiliation face au RB Leipzig;elm:context_link;itc:0;sec:content-canvas;outcm:mb_qualified_link;_E:mb_qualified_link;ct:story;\" class=\"link  yahoo-link\" target=\"_blank\" rel=\"noopener\">humiliation face au RB Leipzig<\/a> (7-0), une d\u00e9faite face \u00e0 Al-Nassr (2-1) et une nouvelle d\u00e9convenue <a href=\"https:\/\/fr.news.yahoo.com\/sport\/6-0-nouvelle-d%C3%A9route-toulouse-162000062.html\" data-ylk=\"slk:face \u00e0 Stuttgart;elm:context_link;itc:0;sec:content-canvas;outcm:mb_qualified_link;_E:mb_qualified_link;ct:story;\" class=\"link  yahoo-link\" target=\"_blank\" rel=\"noopener\">face \u00e0 Stuttgart<\/a> (6-0). Les Violets ont pu n\u00e9anmoins sauver l\u2019honneur en d\u00e9but de soir\u00e9e en arrachant le match nul face au FC S\u00e9ville (1-1) dans les derniers instants de la rencontre. Mais le bilan pour l\u2019entra\u00eeneur espagnol et ses hommes est bien m\u00e9diocre: 18 buts encaiss\u00e9s et seulement trois marqu\u00e9s lors des six matchs amicaux disput\u00e9s. De quoi nourrir des inqui\u00e9tudes pour l\u2019exercice 2025-2026\u2026<\/p>\n<p>Premi\u00e8re journ\u00e9e de Ligue 1:<\/p>\n<ul class=\"mb-4\">\n<li class=\"ml-4 list-disc\">\n<p class=\"mb-4 text-lg md:leading-8 break-words\">Vendredi 15 ao\u00fbt: Rennes &#8211; Marseille (20h45)<\/p>\n<\/li>\n<li class=\"ml-4 list-disc\">\n<p class=\"mb-4 text-lg md:leading-8 break-words\">Samedi 16 ao\u00fbt: Lens &#8211; Lyon (17h) \/ Monaco &#8211; Le Havre (19h) \/ Nice &#8211; Toulouse (21h05)<\/p>\n<\/li>\n<li class=\"ml-4 list-disc\">\n<p class=\"mb-4 text-lg md:leading-8 break-words\">Dimanche 17 ao\u00fbt:\u00a0Brest &#8211; Lille (15h) \/ Angers &#8211; Paris FC, Metz &#8211; Strasbourg et Auxerre &#8211; Lorient (17h15) \/ Nantes &#8211; PSG (20h45)<\/p>\n<\/li>\n<\/ul>\n<p class=\"mb-4 text-lg md:leading-8 break-words\"><a href=\"https:\/\/rmcsport.bfmtv.com\/football\/ligue-1\/ligue-1-om-lille-ol-monaco-lens-dans-quel-etat-de-forme-arrivent-les-clubs-francais-a-moins-d-une-semaine-de-la-reprise-du-championnat_AV-202508100300.html#xtor=AL-68\" rel=\"nofollow noopener\" target=\"_blank\" data-ylk=\"slk:Article original publi\u00e9 sur RMC Sport;elm:context_link;itc:0;sec:content-canvas\" class=\"link \">Article original publi\u00e9 sur RMC Sport<\/a><\/p>\n","protected":false},"excerpt":{"rendered":"\u00c0 seulement cinq jours de son premier match en Ligue 1, l\u2019Olympique de Marseille a envoy\u00e9 un signal&hellip;\n","protected":false},"author":2,"featured_media":310707,"comment_status":"","ping_status":"","sticky":false,"template":"","format":"standard","meta":{"footnotes":""},"categories":[2815],"tags":[1111,11,1438,784,4245,4782,5696,3450,1777,674,43563,1011,27,4677,811,8094,17090,4253,45082,66,447,1307,1781,4668,2428,23549,4242,6212,8628,3127,766,12,5959,45083,93,18012,8098,584,25,640,12500,6564,2312,41700],"class_list":{"0":"post-310706","1":"post","2":"type-post","3":"status-publish","4":"format-standard","5":"has-post-thumbnail","7":"category-lille","8":"tag-actu","9":"tag-actualites","10":"tag-angers","11":"tag-aston-villa","12":"tag-auxerre","13":"tag-bayern-munich","14":"tag-borussia-dortmund","15":"tag-brest","16":"tag-eu","17":"tag-europe","18":"tag-florian-thauvin","19":"tag-fr","20":"tag-france","21":"tag-georges-mikautadze","22":"tag-hauts-de-france","23":"tag-jonathan-david","24":"tag-lolympique-de-marseille","25":"tag-lens","26":"tag-les-hommes","27":"tag-ligue-1","28":"tag-ligue-des-champions","29":"tag-lille","30":"tag-lorient","31":"tag-lucas-chevalier","32":"tag-lyon","33":"tag-maghnes-akliouche","34":"tag-mason-greenwood","35":"tag-metz","36":"tag-milan","37":"tag-monaco","38":"tag-nantes","39":"tag-news","40":"tag-olivier-giroud","41":"tag-pre-saison","42":"tag-psg","43":"tag-rb-leipzig","44":"tag-remy-cabella","45":"tag-rennes","46":"tag-republique-francaise","47":"tag-strasbourg","48":"tag-stuttgart","49":"tag-su","50":"tag-toulouse","51":"tag-west-ham"},"share_on_mastodon":{"url":"","error":"Validation failed: Text character limit of 500 exceeded"},"_links":{"self":[{"href":"https:\/\/www.europesays.com\/fr\/wp-json\/wp\/v2\/posts\/310706","targetHints":{"allow":["GET"]}}],"collection":[{"href":"https:\/\/www.europesays.com\/fr\/wp-json\/wp\/v2\/posts"}],"about":[{"href":"https:\/\/www.europesays.com\/fr\/wp-json\/wp\/v2\/types\/post"}],"author":[{"embeddable":true,"href":"https:\/\/www.europesays.com\/fr\/wp-json\/wp\/v2\/users\/2"}],"replies":[{"embeddable":true,"href":"https:\/\/www.europesays.com\/fr\/wp-json\/wp\/v2\/comments?post=310706"}],"version-history":[{"count":0,"href":"https:\/\/www.europesays.com\/fr\/wp-json\/wp\/v2\/posts\/310706\/revisions"}],"wp:featuredmedia":[{"embeddable":true,"href":"https:\/\/www.europesays.com\/fr\/wp-json\/wp\/v2\/media\/310707"}],"wp:attachment":[{"href":"https:\/\/www.europesays.com\/fr\/wp-json\/wp\/v2\/media?parent=310706"}],"wp:term":[{"taxonomy":"category","embeddable":true,"href":"https:\/\/www.europesays.com\/fr\/wp-json\/wp\/v2\/categories?post=310706"},{"taxonomy":"post_tag","embeddable":true,"href":"https:\/\/www.europesays.com\/fr\/wp-json\/wp\/v2\/tags?post=310706"}],"curies":[{"name":"wp","href":"https:\/\/api.w.org\/{rel}","templated":true}]}}