{"id":310710,"date":"2025-08-11T03:03:10","date_gmt":"2025-08-11T03:03:10","guid":{"rendered":"https:\/\/www.europesays.com\/fr\/310710\/"},"modified":"2025-08-11T03:03:10","modified_gmt":"2025-08-11T03:03:10","slug":"a-marseille-lancienne-marina-olympique-se-transforme-en-village-estival-pour-petits-et-grands","status":"publish","type":"post","link":"https:\/\/www.europesays.com\/fr\/310710\/","title":{"rendered":"\u00c0 Marseille, l\u2019ancienne marina olympique se transforme en village estival pour petits et grands"},"content":{"rendered":"\n<p>\u00ab C\u2019est un sacr\u00e9 Rubik\u2019s Cube que nous avons essay\u00e9 d\u2019agencer\u00a0\u00bb, s\u2019exclame Herv\u00e9 Menchon. L\u2019adjoint \u00e0 la mairie de Marseille charg\u00e9 de la biodiversit\u00e9 marine et de l\u2019am\u00e9nagement des espaces littoraux, a choisi l\u2019humour pour \u00e9voquer le nouveau stade nautique Florence Arthaud, o\u00f9 le village de l\u2019\u00c9t\u00e9 marseillais a pris ses quartiers depuis la semaine derni\u00e8re. Derri\u00e8re l\u2019\u00e9lu, des dizaines de b\u00e9n\u00e9voles fourmillent autour de la sc\u00e8ne pendant que la compagnie Le Bal imaginaire rode le spectacle qu\u2019elle allait donner vendredi dernier. \u00c0 quelques m\u00e8tres de l\u00e0, sous le grand chapiteau, on anime des ateliers de sensibilisation \u00e0 la biodiversit\u00e9 marine pour enseigner aux enfants comment r\u00e9agir face \u00e0 la pollution des plages.<\/p>\n<p>C\u2019est tout un monde qui prend vie dans l\u2019enceinte du complexe sportif qui borde la mer M\u00e9diterran\u00e9e. Du moins, qui reprend vie, puisque l\u2019\u00e9difice avait d\u00e9j\u00e0 vu d\u00e9filer des centaines de visiteurs au moment des \u00e9preuves olympiques de voile, l\u2019\u00e9t\u00e9 2024. \u00ab\u00a0Les moyens qui ont \u00e9t\u00e9 d\u00e9ploy\u00e9s pendant les Jeux olympiques vont perdurer pour transformer ce stade nautique en un lieu qui accueille la diversit\u00e9 de Marseille\u00a0\u00bb, d\u00e9taille Herv\u00e9 Menchon, avant d\u2019entamer la pr\u00e9sentation des activit\u00e9s disponibles tout l\u2019\u00e9t\u00e9 dans l\u2019ancienne marina olympique de Marseille.<\/p>\n<p>Des concerts chaque week-end<\/p>\n<p>Au village de l\u2019\u00c9t\u00e9 marseillais, ce n\u2019est pas l\u2019animation qui manque. Pendant trois semaines, l\u2019\u00e9v\u00e9nement proposera une ribambelle d\u2019activit\u00e9s \u00e0 destination de tous les \u00e2ges. Au programme, des ateliers sur le th\u00e8me de la mer, un parkour de Ninja sur l\u2019eau, des lectures de contes, des ateliers de fabrication de bateaux et encore plein d\u2019autres activit\u00e9s gratuites que la mairie de Marseille met \u00e0 disposition. Le village propose aussi des stages gratuits pour s\u2019initier aux activit\u00e9s nautiques telles que l\u2019optimiste, le kayak ou encore la voile. Emma, 7\u00a0ans, ne demande qu\u2019\u00e0 renouveler l\u2019exp\u00e9rience\u00a0: \u00ab\u00a0C\u2019\u00e9tait trop bien\u00a0! J\u2019ai ador\u00e9 l\u2019optimiste\u00a0\u00bb. Une foule d\u2019activit\u00e9s en semaine pour mieux attendre le week-end, puisque chaque samedi soir, le stade nautique Florence Arthaud ouvre ses portes \u00e0 des soir\u00e9es musicales pouvant accueillir jusqu\u2019\u00e0 1\u00a0500\u00a0personnes. Des festivals comme Marsatac o\u00f9 les Nuits Flamencas y ont carte blanche pour \u00e9merveiller petits et grands \u00e0 partir de 21h.<\/p>\n<p>Et si le village de l\u2019\u00c9t\u00e9 marseillais se charge des animations jusqu\u2019au 24\u00a0ao\u00fbt, le stade nautique continuera ses activit\u00e9s, \u00ab\u00a0apr\u00e8s le 14\u00a0septembre, le stade prendra une allure de croisi\u00e8re pour accueillir les centres de loisirs et les \u00e9coles\u00a0\u00bb, explique Herv\u00e9 Menchon.<\/p>\n","protected":false},"excerpt":{"rendered":"\u00ab C\u2019est un sacr\u00e9 Rubik\u2019s Cube que nous avons essay\u00e9 d\u2019agencer\u00a0\u00bb, s\u2019exclame Herv\u00e9 Menchon. L\u2019adjoint \u00e0 la mairie&hellip;\n","protected":false},"author":2,"featured_media":310711,"comment_status":"","ping_status":"","sticky":false,"template":"","format":"standard","meta":{"footnotes":""},"categories":[2814],"tags":[1111,11,1777,674,1011,27,884,12,36175,882,25],"class_list":{"0":"post-310710","1":"post","2":"type-post","3":"status-publish","4":"format-standard","5":"has-post-thumbnail","7":"category-marseille","8":"tag-actu","9":"tag-actualites","10":"tag-eu","11":"tag-europe","12":"tag-fr","13":"tag-france","14":"tag-marseille","15":"tag-news","16":"tag-paul-cayre","17":"tag-provence-alpes-cote-dazur","18":"tag-republique-francaise"},"share_on_mastodon":{"url":"https:\/\/pubeurope.com\/@fr\/115007914278939149","error":""},"_links":{"self":[{"href":"https:\/\/www.europesays.com\/fr\/wp-json\/wp\/v2\/posts\/310710","targetHints":{"allow":["GET"]}}],"collection":[{"href":"https:\/\/www.europesays.com\/fr\/wp-json\/wp\/v2\/posts"}],"about":[{"href":"https:\/\/www.europesays.com\/fr\/wp-json\/wp\/v2\/types\/post"}],"author":[{"embeddable":true,"href":"https:\/\/www.europesays.com\/fr\/wp-json\/wp\/v2\/users\/2"}],"replies":[{"embeddable":true,"href":"https:\/\/www.europesays.com\/fr\/wp-json\/wp\/v2\/comments?post=310710"}],"version-history":[{"count":0,"href":"https:\/\/www.europesays.com\/fr\/wp-json\/wp\/v2\/posts\/310710\/revisions"}],"wp:featuredmedia":[{"embeddable":true,"href":"https:\/\/www.europesays.com\/fr\/wp-json\/wp\/v2\/media\/310711"}],"wp:attachment":[{"href":"https:\/\/www.europesays.com\/fr\/wp-json\/wp\/v2\/media?parent=310710"}],"wp:term":[{"taxonomy":"category","embeddable":true,"href":"https:\/\/www.europesays.com\/fr\/wp-json\/wp\/v2\/categories?post=310710"},{"taxonomy":"post_tag","embeddable":true,"href":"https:\/\/www.europesays.com\/fr\/wp-json\/wp\/v2\/tags?post=310710"}],"curies":[{"name":"wp","href":"https:\/\/api.w.org\/{rel}","templated":true}]}}