{"id":310712,"date":"2025-08-11T03:04:18","date_gmt":"2025-08-11T03:04:18","guid":{"rendered":"https:\/\/www.europesays.com\/fr\/310712\/"},"modified":"2025-08-11T03:04:18","modified_gmt":"2025-08-11T03:04:18","slug":"lyon-une-portion-de-la-plus-longue-piste-cyclable-de-la-metropole-mise-en-service","status":"publish","type":"post","link":"https:\/\/www.europesays.com\/fr\/310712\/","title":{"rendered":"Lyon. Une portion de la plus longue piste cyclable de la m\u00e9tropole mise en service"},"content":{"rendered":"<p>            Par<br \/>\n        <strong><br \/>\n            <a href=\"https:\/\/actu.fr\/auteur\/julien-sournies\" title=\"Consulter tous les articles de Julien Sournies\" target=\"_blank\" rel=\"noopener\">Julien Sournies<\/a><br \/>\n        <\/strong><\/p>\n<p>        Publi\u00e9 le<\/p>\n<p>            9 ao\u00fbt 2025 \u00e0 6h08        <\/p>\n<p>Un nouveau tron\u00e7on de la plus longue des Voies Lyonnaises vient d\u2019\u00eatre r\u00e9cemment mis en service.<\/p>\n<p class=\" wall-content\">D\u00e9but\u00e9s il y a un peu moins d\u2019un an et demi, les travaux d\u2019am\u00e9nagements de la <strong>Voie Lyonnaise 3<\/strong> le long de la Sa\u00f4ne, au c\u0153ur de <a href=\"https:\/\/actu.fr\/lyon\/\" target=\"_blank\" rel=\"noopener\">Lyon<\/a>, sont en effet termin\u00e9s, annonce la M\u00e9tropole lyonnaise dans un communiqu\u00e9.<\/p>\n<p>Une liaison entre le pont Koenig et Perrache<\/p>\n<p class=\" wall-content\">Sur tr\u00e8s exactement <strong>3,3\u00a0km de trac\u00e9<\/strong>, cette toute nouvelle piste cyclable relie \u00e0 pr\u00e9sent le <strong>pont Koenig<\/strong> (9e) \u00e0 la gare <strong>Perrache<\/strong> (2e).<\/p>\n<p class=\" wall-content\">\u00ab\u2009L\u2019objectif \u00e9tait d\u2019assurer une continuit\u00e9 cyclable sur cet axe tr\u00e8s fr\u00e9quent\u00e9, ainsi qu\u2019am\u00e9liorer la s\u00e9curit\u00e9 et le confort des pi\u00e9tons, notamment en reprenant les arr\u00eats de bus le long des quais de Sa\u00f4ne\u2009\u00bb, indique la M\u00e9tropole.<\/p>\n<p>Nouveaux trottoirs, passages pi\u00e9tons strat\u00e9giques, cr\u00e9ation d\u2019espaces verts\u2026<\/p>\n<p class=\" wall-content\">\u00c9largissement et conception de trottoirs, ajout de quatre nouvelles travers\u00e9es pi\u00e9tonnes, nouveaux feux de circulations ou encore cr\u00e9ation d\u2019espaces verts\u2009: comme l\u2019explique la M\u00e9tropole, cette piste cyclable profite donc autant aux cyclistes qu\u2019aux pi\u00e9tons.<\/p>\n<p class=\" wall-content\">\n    <img   decoding=\"async\" loading=\"lazy\" src=\"https:\/\/www.europesays.com\/fr\/wp-content\/uploads\/2025\/08\/voies-lyonnaises-3-960x640.jpg\" alt=\"Le r\u00e9seau des Voies Lyonnaises s\u2019\u00e9tend avec la livraison du nouveau tron\u00e7on de la Voie Lyonnaise 3,&#10;entre Perrache et le pont Koenig (9e).\" width=\"960\" height=\"640\"\/><br \/>\n    Le r\u00e9seau des Voies Lyonnaises s\u2019\u00e9tend avec la livraison du nouveau tron\u00e7on de la Voie Lyonnaise 3,<br \/>entre Perrache et le pont Koenig (9e). (\u00a9Grand Lyon)<br \/>\n    <img   decoding=\"async\" loading=\"lazy\" src=\"https:\/\/www.europesays.com\/fr\/wp-content\/uploads\/2025\/08\/voies-lyonnaise-3-2-960x640.jpg\" alt=\"Avec ses 57 km de trac\u00e9, la VL3 sera, \u00e0 terme, la plus grande ligne du r\u00e9seau.\" width=\"960\" height=\"640\"\/><br \/>\n    Avec ses 57\u00a0km de trac\u00e9, la VL3 sera, \u00e0 terme, la plus grande ligne du r\u00e9seau. (\u00a9Grand Lyon)<\/p>\n<blockquote class=\"ac-article-quote wall-content\">\n<p>L\u2019enjeu \u00e9tait de simplifier et de rendre plus confortable la cohabitation entre les pi\u00e9tons et les cycles notamment sur le quai Pierre Scize, o\u00f9 d\u00e9sormais les espaces d\u2019attente pour les usagers du bus sont s\u00e9par\u00e9s de la voie cyclable. <\/p>\n<p>    <strong>Grand Lyon<\/strong>\n            <\/p><\/blockquote>\n<p class=\" wall-content\">De surcro\u00eet, la VL3 s\u2019int\u00e8gre aussi dans le <strong>r\u00e9seau de transports en commun<\/strong> de la m\u00e9tropole, reliant les lignes de bus TCL C3, C13, C14, C18, C20, la ligne D du m\u00e9tro et la gare TER de Saint-Paul.<\/p>\n<p>Un itin\u00e9raire de 57\u00a0km \u00e0 terme<\/p>\n<p class=\" wall-content\">Pour rappel, \u00e0 terme, la Voie Lyonnaise 3 reliera Quincieux et Genay au Nord, \u00e0 Givors et Grigny au Sud, sur une <a href=\"https:\/\/actu.fr\/auvergne-rhone-alpes\/lyon_69123\/une-piste-cyclable-geante-de-57-km-de-long-a-lyon-les-travaux-debutent_50920591.html\" target=\"_blank\" rel=\"noopener\">distance de 57\u00a0km<\/a>, faisant d\u2019elle la plus longue ligne du r\u00e9seau.<\/p>\n<p class=\" wall-content\">Elle desservira, entre autres, des secteurs patrimoniaux importants comme le Val de Sa\u00f4ne, les Monts d\u2019Or, l\u2019\u00cele Barbe, le quartier de Vaise, le Vieux Lyon ou les Grandes Locos sur la commune de La Mulati\u00e8re.<\/p>\n<p class=\" wall-content\">Suivez toute l\u2019actualit\u00e9 de vos villes et m\u00e9dias favoris en vous inscrivant \u00e0 <a href=\"https:\/\/moncompte.actu.fr\" title=\"D\u00e9couvez Mon Actu\" rel=\"nofollow noopener\" data-trk=\"{&quot;cta&quot;:{&quot;action&quot;:&quot;https:\\\/\\\/moncompte.actu.fr&quot;,&quot;category&quot;:&quot;mon compte&quot;,&quot;from&quot;:&quot;article footer&quot;,&quot;name&quot;:&quot;Mon actu&quot;,&quot;type&quot;:&quot;cta&quot;}}\" target=\"_blank\">Mon Actu<\/a>.<\/p>\n","protected":false},"excerpt":{"rendered":"Par Julien Sournies Publi\u00e9 le 9 ao\u00fbt 2025 \u00e0 6h08 Un nouveau tron\u00e7on de la plus longue des&hellip;\n","protected":false},"author":2,"featured_media":310713,"comment_status":"","ping_status":"","sticky":false,"template":"","format":"standard","meta":{"footnotes":""},"categories":[1889],"tags":[1111,11,2430,1777,674,1011,27,2808,2428,12,4798,25,104,23308],"class_list":{"0":"post-310712","1":"post","2":"type-post","3":"status-publish","4":"format-standard","5":"has-post-thumbnail","7":"category-lyon","8":"tag-actu","9":"tag-actualites","10":"tag-auvergne-rhone-alpes","11":"tag-eu","12":"tag-europe","13":"tag-fr","14":"tag-france","15":"tag-grand-lyon","16":"tag-lyon","17":"tag-news","18":"tag-pistes-cyclables","19":"tag-republique-francaise","20":"tag-societe","21":"tag-voies-lyonnaises"},"share_on_mastodon":{"url":"https:\/\/pubeurope.com\/@fr\/115007918250941559","error":""},"_links":{"self":[{"href":"https:\/\/www.europesays.com\/fr\/wp-json\/wp\/v2\/posts\/310712","targetHints":{"allow":["GET"]}}],"collection":[{"href":"https:\/\/www.europesays.com\/fr\/wp-json\/wp\/v2\/posts"}],"about":[{"href":"https:\/\/www.europesays.com\/fr\/wp-json\/wp\/v2\/types\/post"}],"author":[{"embeddable":true,"href":"https:\/\/www.europesays.com\/fr\/wp-json\/wp\/v2\/users\/2"}],"replies":[{"embeddable":true,"href":"https:\/\/www.europesays.com\/fr\/wp-json\/wp\/v2\/comments?post=310712"}],"version-history":[{"count":0,"href":"https:\/\/www.europesays.com\/fr\/wp-json\/wp\/v2\/posts\/310712\/revisions"}],"wp:featuredmedia":[{"embeddable":true,"href":"https:\/\/www.europesays.com\/fr\/wp-json\/wp\/v2\/media\/310713"}],"wp:attachment":[{"href":"https:\/\/www.europesays.com\/fr\/wp-json\/wp\/v2\/media?parent=310712"}],"wp:term":[{"taxonomy":"category","embeddable":true,"href":"https:\/\/www.europesays.com\/fr\/wp-json\/wp\/v2\/categories?post=310712"},{"taxonomy":"post_tag","embeddable":true,"href":"https:\/\/www.europesays.com\/fr\/wp-json\/wp\/v2\/tags?post=310712"}],"curies":[{"name":"wp","href":"https:\/\/api.w.org\/{rel}","templated":true}]}}