{"id":310714,"date":"2025-08-11T03:05:19","date_gmt":"2025-08-11T03:05:19","guid":{"rendered":"https:\/\/www.europesays.com\/fr\/310714\/"},"modified":"2025-08-11T03:05:19","modified_gmt":"2025-08-11T03:05:19","slug":"une-absence-de-volonte-politique-municipale-de-trouver-des-solutions-viables","status":"publish","type":"post","link":"https:\/\/www.europesays.com\/fr\/310714\/","title":{"rendered":"Une absence de volont\u00e9 politique municipale de trouver des solutions viables"},"content":{"rendered":"<p itemprop=\"description\"><strong>Ce vendredi soir, un mineur isol\u00e9 a \u00e9t\u00e9 remis \u00e0 la rue \u00ab\u00a0sans avertissement\u00a0\u00bb par le CCAS de Lyon.<\/strong><\/p>\n<p>H\u00e9berg\u00e9 jusqu&rsquo;alors au foyer L&rsquo;Etincelle situ\u00e9 boulevard Yves Farge dans le 7e arrondissement, cet adolescent de 16 ans est toujours dans l&rsquo;attente de sa proc\u00e9dure de reconnaissance de minorit\u00e9.<\/p>\n<p>Face \u00e0 cette \u00ab\u00a0d\u00e9cision arbitraire\u00a0\u00bb, des travailleur sociaux du P\u00f4le de lutte contre le sans-abrisme (PLUS) du CCAS s&rsquo;\u00e9meuvent dans un communiqu\u00e9, d\u00e9non\u00e7ant une remise \u00e0 la rue \u00ab\u00a0qui va \u00e0 l&rsquo;encontre du sens m\u00eame de notre m\u00e9tier qui est de prot\u00e9ger des adolescents particuli\u00e8rement vuln\u00e9rables\u00a0\u00bb.<\/p>\n<p>A leurs yeux, il y a plusieurs coupables \u00e0 d\u00e9noncer. Selon ces travailleurs sociaux en col\u00e8re, il y a aujourd&rsquo;hui \u00ab\u00a0un contexte de pressions de la direction \u00e0 remettre \u00e0 la rue des jeunes. Cela r\u00e9sulte d&rsquo;une absence de volont\u00e9 politique municipale de trouver des solutions viables\u00a0\u00bb. Ils n&rsquo;oublient pas \u00ab\u00a0la politique nationale de r\u00e9pression des personnes sans-papiers ou demandeuses d&rsquo;asile\u00a0\u00bb.<\/p>\n<p>S&rsquo;ils promettent des actions \u00e0 venir, ces membres du PLUS annoncent \u00e9galement qu&rsquo;ils \u00ab\u00a0lutteront jusqu&rsquo;au bout sans reculer face \u00e0 cette violence\u00a0\u00bb et appellent \u00e0 \u00ab\u00a0une mobilisation large et unitaire pour la pr\u00e9servation de la dignit\u00e9 des jeunes\u00a0\u00bb.<\/p>\n<p>Pour rappel, le foyer L&rsquo;Etincelle avait \u00e9t\u00e9 ouvert et financ\u00e9 par la Ville de Lyon pour <a href=\"https:\/\/www.lyonmag.com\/article\/141667\/lyon-les-migrants-ont-quitte-le-square-du-beguin-pour-leur-nouveau-centre-d-hebergement-a-gerland\" target=\"_blank\" rel=\"noopener nofollow\">loger d\u00e8s fin janvier les mineurs non-accompagn\u00e9s<\/a> qui vivaient depuis des mois sous des tentes dans le square B\u00e9guin.<\/p>\n","protected":false},"excerpt":{"rendered":"Ce vendredi soir, un mineur isol\u00e9 a \u00e9t\u00e9 remis \u00e0 la rue \u00ab\u00a0sans avertissement\u00a0\u00bb par le CCAS de&hellip;\n","protected":false},"author":2,"featured_media":310715,"comment_status":"","ping_status":"","sticky":false,"template":"","format":"standard","meta":{"footnotes":""},"categories":[1889],"tags":[1111,11,2813,2190,2430,1109,251,1112,2811,1777,674,118,1011,27,1922,1110,1114,2428,2810,12,241,316,25,2812,517,800],"class_list":{"0":"post-310714","1":"post","2":"type-post","3":"status-publish","4":"format-standard","5":"has-post-thumbnail","7":"category-lyon","8":"tag-actu","9":"tag-actualites","10":"tag-article","11":"tag-asvel","12":"tag-auvergne-rhone-alpes","13":"tag-breves","14":"tag-culture","15":"tag-depeches","16":"tag-economique","17":"tag-eu","18":"tag-europe","19":"tag-faits-divers","20":"tag-fr","21":"tag-france","22":"tag-info","23":"tag-informations","24":"tag-infos","25":"tag-lyon","26":"tag-lyonmag","27":"tag-news","28":"tag-ol","29":"tag-politique","30":"tag-republique-francaise","31":"tag-sociale","32":"tag-sport","33":"tag-transports"},"share_on_mastodon":{"url":"https:\/\/pubeurope.com\/@fr\/115007922036917655","error":""},"_links":{"self":[{"href":"https:\/\/www.europesays.com\/fr\/wp-json\/wp\/v2\/posts\/310714","targetHints":{"allow":["GET"]}}],"collection":[{"href":"https:\/\/www.europesays.com\/fr\/wp-json\/wp\/v2\/posts"}],"about":[{"href":"https:\/\/www.europesays.com\/fr\/wp-json\/wp\/v2\/types\/post"}],"author":[{"embeddable":true,"href":"https:\/\/www.europesays.com\/fr\/wp-json\/wp\/v2\/users\/2"}],"replies":[{"embeddable":true,"href":"https:\/\/www.europesays.com\/fr\/wp-json\/wp\/v2\/comments?post=310714"}],"version-history":[{"count":0,"href":"https:\/\/www.europesays.com\/fr\/wp-json\/wp\/v2\/posts\/310714\/revisions"}],"wp:featuredmedia":[{"embeddable":true,"href":"https:\/\/www.europesays.com\/fr\/wp-json\/wp\/v2\/media\/310715"}],"wp:attachment":[{"href":"https:\/\/www.europesays.com\/fr\/wp-json\/wp\/v2\/media?parent=310714"}],"wp:term":[{"taxonomy":"category","embeddable":true,"href":"https:\/\/www.europesays.com\/fr\/wp-json\/wp\/v2\/categories?post=310714"},{"taxonomy":"post_tag","embeddable":true,"href":"https:\/\/www.europesays.com\/fr\/wp-json\/wp\/v2\/tags?post=310714"}],"curies":[{"name":"wp","href":"https:\/\/api.w.org\/{rel}","templated":true}]}}