{"id":310716,"date":"2025-08-11T03:08:17","date_gmt":"2025-08-11T03:08:17","guid":{"rendered":"https:\/\/www.europesays.com\/fr\/310716\/"},"modified":"2025-08-11T03:08:17","modified_gmt":"2025-08-11T03:08:17","slug":"le-maire-de-nanterre-dans-les-hauts-de-seine-denonce-une-tentative-de-feminicide-apres-lagression-dune-femme-au-cutter","status":"publish","type":"post","link":"https:\/\/www.europesays.com\/fr\/310716\/","title":{"rendered":"Le maire de Nanterre dans les Hauts-de-Seine d\u00e9nonce \u00ab\u00a0une tentative de f\u00e9minicide\u00a0\u00bb apr\u00e8s l&rsquo;agression d&rsquo;une femme au cutter"},"content":{"rendered":"<p class=\"c-chapo \">\n  Selon le parquet de Nanterre, la victime a \u00e9t\u00e9 hospitalis\u00e9e dans un \u00e9tat grave.\n<\/p>\n<p>            lire plus tard<\/p>\n<p id=\"dialog__title\" class=\"dialog__title\">Pour sauvegarder cet article, connectez-vous ou cr\u00e9ez un compte franceinfo<\/p>\n<p class=\"dialog__description\">Sans paiement. Sans abonnement.<\/p>\n<p>        Fermer la fen\u00eatre d\u2019activation des notifications France Info<\/p>\n<p>            cr\u00e9er votre compte<\/p>\n<p>            se connecter<\/p>\n<p>        Fermer la fen\u00eatre de pr\u00e9sentation<\/p>\n<p>    Publi\u00e9 le 10\/08\/2025 17:18<\/p>\n<p>        Temps de lecture : 1min<\/p>\n<p>    <img decoding=\"async\"  alt=\"L'\u00e9cusson de la police nationale. Image d'illustration. (GABRIEL BOUYS \/ AFP)\" width=\"432\" height=\"243\" src=\"https:\/\/www.europesays.com\/fr\/wp-content\/uploads\/2025\/06\/000-372a7g2-6836b010150ed026395103.jpg\" fetchpriority=\"high\"\/><\/p>\n<p>      L&rsquo;\u00e9cusson de la police nationale. Image d&rsquo;illustration. (GABRIEL BOUYS \/ AFP)<\/p>\n<p>Le maire de Nanterre (Hauts-de-Seine), Rapha\u00ebl Adam, a d\u00e9nonc\u00e9 dimanche 10 ao\u00fbt une \u00ab\u00a0tentative de f\u00e9minicide\u00a0\u00bb apr\u00e8s l&rsquo;agression samedi apr\u00e8s-midi d&rsquo;une femme frapp\u00e9e de plusieurs coups de cutter aux \u00e9paules et \u00e0 la gorge par un homme, <a href=\"https:\/\/www.francebleu.fr\/infos\/faits-divers-justice\/une-femme-violemment-agressee-au-cutter-a-nanterre-3053814\" target=\"_blank\" rel=\"noopener nofollow\">rapporte ICI Paris (ex-France Bleu)<\/a>.<\/p>\n<p>La victime a \u00e9t\u00e9 hospitalis\u00e9e dans un \u00e9tat grave, selon le parquet de Nanterre. Selon ICI Paris, juste apr\u00e8s l&rsquo;agression, l&rsquo;homme s&rsquo;est taillad\u00e9 les veines et a ing\u00e9r\u00e9 des m\u00e9dicaments. \u00ab\u00a0Il a \u00e9t\u00e9 retrouv\u00e9 inconscient et transport\u00e9 \u00e0 l\u2019h\u00f4pital avec un pronostic vital engag\u00e9. \u00c0 l\u2019heure actuelle, il est toujours en r\u00e9animation et n\u2019est pas audible\u00a0\u00bb, indique le parquet ce dimanche apr\u00e8s-midi. Le suspect est toutefois en garde \u00e0 vue depuis samedi.<\/p>\n<p>D&rsquo;apr\u00e8s le parquet, il est impossible pour l&rsquo;instant de savoir si les deux personnes se connaissaient ou s&rsquo;il s&rsquo;agit \u00ab\u00a0d&rsquo;un acte gratuit sur une personne prise au hasard\u00a0\u00bb.<\/p>\n<p>\u00ab\u00a0\u00c0 Nanterre comme partout ailleurs, les violences faites aux femmes, les f\u00e9minicides n\u2019ont pas leur place dans notre soci\u00e9t\u00e9, et doivent \u00eatre combattus avec la plus grande force\u00a0\u00bb, r\u00e9agit dans un communiqu\u00e9 le maire de Nanterre.<\/p>\n<p class=\"related-tags__title\" role=\"heading\" aria-level=\"2\">les mots-cl\u00e9s associ\u00e9s \u00e0 cet article\n    <\/p>\n","protected":false},"excerpt":{"rendered":"Selon le parquet de Nanterre, la victime a \u00e9t\u00e9 hospitalis\u00e9e dans un \u00e9tat grave. lire plus tard Pour&hellip;\n","protected":false},"author":2,"featured_media":162892,"comment_status":"","ping_status":"","sticky":false,"template":"","format":"standard","meta":{"footnotes":""},"categories":[1888],"tags":[1111,1928,11,1927,1777,674,1011,27,12,1926,626,1925,25],"class_list":{"0":"post-310716","1":"post","2":"type-post","3":"status-publish","4":"format-standard","5":"has-post-thumbnail","7":"category-paris","8":"tag-actu","9":"tag-actu-paris","10":"tag-actualites","11":"tag-actualites-paris","12":"tag-eu","13":"tag-europe","14":"tag-fr","15":"tag-france","16":"tag-news","17":"tag-news-paris","18":"tag-paris","19":"tag-paris-news","20":"tag-republique-francaise"},"share_on_mastodon":{"url":"https:\/\/pubeurope.com\/@fr\/115007933895290527","error":""},"_links":{"self":[{"href":"https:\/\/www.europesays.com\/fr\/wp-json\/wp\/v2\/posts\/310716","targetHints":{"allow":["GET"]}}],"collection":[{"href":"https:\/\/www.europesays.com\/fr\/wp-json\/wp\/v2\/posts"}],"about":[{"href":"https:\/\/www.europesays.com\/fr\/wp-json\/wp\/v2\/types\/post"}],"author":[{"embeddable":true,"href":"https:\/\/www.europesays.com\/fr\/wp-json\/wp\/v2\/users\/2"}],"replies":[{"embeddable":true,"href":"https:\/\/www.europesays.com\/fr\/wp-json\/wp\/v2\/comments?post=310716"}],"version-history":[{"count":0,"href":"https:\/\/www.europesays.com\/fr\/wp-json\/wp\/v2\/posts\/310716\/revisions"}],"wp:featuredmedia":[{"embeddable":true,"href":"https:\/\/www.europesays.com\/fr\/wp-json\/wp\/v2\/media\/162892"}],"wp:attachment":[{"href":"https:\/\/www.europesays.com\/fr\/wp-json\/wp\/v2\/media?parent=310716"}],"wp:term":[{"taxonomy":"category","embeddable":true,"href":"https:\/\/www.europesays.com\/fr\/wp-json\/wp\/v2\/categories?post=310716"},{"taxonomy":"post_tag","embeddable":true,"href":"https:\/\/www.europesays.com\/fr\/wp-json\/wp\/v2\/tags?post=310716"}],"curies":[{"name":"wp","href":"https:\/\/api.w.org\/{rel}","templated":true}]}}