{"id":310717,"date":"2025-08-11T03:09:53","date_gmt":"2025-08-11T03:09:53","guid":{"rendered":"https:\/\/www.europesays.com\/fr\/310717\/"},"modified":"2025-08-11T03:09:53","modified_gmt":"2025-08-11T03:09:53","slug":"une-foret-concue-pour-rever","status":"publish","type":"post","link":"https:\/\/www.europesays.com\/fr\/310717\/","title":{"rendered":"une for\u00eat con\u00e7ue pour r\u00eaver"},"content":{"rendered":"<p class=\"article__intro\">Amateurs de randonn\u00e9e et amoureux de la marche ? Saviez-vous qu&rsquo;un circuit de grande randonn\u00e9e est d\u00e9sormais praticable autour de Paris ? Retrouvez tout le parcours du GR75 \u00e0 travers le documentaire d&rsquo;Anne-Sophie L\u00e9vy-Chambon.<\/p>\n<p>\n      L\u2019actu des r\u00e9gions\n    <\/p>\n<p>\n      Chaque jour, un tour d\u2019horizon des principales infos de toutes les r\u00e9gions.\n    <\/p>\n<p>    France T\u00e9l\u00e9visions utilise votre adresse e-mail afin de vous envoyer la newsletter \u00ab\u00a0L\u2019actu des r\u00e9gions\u00a0\u00bb. Vous pouvez vous d\u00e9sinscrire \u00e0 tout moment via le lien en bas de cette newsletter. <a target=\"_blank\" href=\"https:\/\/www.francetelevisions.fr\/groupe\/confidentialite\/politique-de-confidentialite\/politique-de-confidentialite-de-france-televisions-6503\" rel=\"nofollow noopener\">Notre politique de confidentialit\u00e9<\/a><\/p>\n<p>C&rsquo;est dans le poumon vert de l&rsquo;ouest parisien que se trouve le dernier tron\u00e7on du GR75. Dans le bois de Boulogne, les balises jaune et rouge vous indiquent le bon chemin \u00e0 prendre.<\/p>\n<p>Avant le bois de Boulogne, la for\u00eat de Londe-Rouvray recouvrait l&rsquo;int\u00e9gralit\u00e9 de l&rsquo;\u00cele-de-France. Les bois de Vincennes et Boulogne faisaient tous deux partie de ce large ensemble.<\/p>\n<p>Aux alentours de 1850, Napol\u00e9on III et Haussmann s&rsquo;int\u00e9ressent \u00e0 cette zone bois\u00e9e. Les premiers travaux d\u00e9butent dans un souci de rendre la for\u00eat plus accueillante et praticable. Alphand, Belgrand et Davioud, trois ing\u00e9nieurs renomm\u00e9s, sont \u00e0 la t\u00eate du projet. Des zones aquatiques sont cr\u00e9\u00e9es, de bosquets taill\u00e9s et des routes trac\u00e9es.<\/p>\n<p><a data-article-figure=\"\" href=\"https:\/\/france3-regions.franceinfo.fr\/image\/3FMz8zvx0_inim41t2g6CMibziw\/6240x4160\/regions\/2025\/07\/25\/024-4348998-68834f9cb2da1509645506.jpg\" data-pswp-width=\"6240\" data-pswp-height=\"4160\" target=\"_blank\" rel=\"nofollow noopener\"><\/p>\n<p>          <img width=\"600\" height=\"400\" class=\"article-image lazy\" data-src=\"https:\/\/www.europesays.com\/fr\/wp-content\/uploads\/2025\/08\/024-4348998-68834f9cb2da1509645506.jpg\" alt=\"France paris bois de boulogne bagatelle park water feature water lilies\" fetchpriority=\"high\" as=\"image\"\/><\/p>\n<p>\n            France paris bois de boulogne bagatelle park water feature water lilies<br \/>\n                           \u2022<br \/>\n                                      \u00a9 GARDEL BERTRAND \/ HEMIS.FR \/ hemis.fr\n                      <\/p>\n<p><\/a><\/p>\n<p>Ils vont recr\u00e9er les bois, des esp\u00e8ces d&rsquo;arbres aux folies architecturales que l&rsquo;on peut y croiser, permettant aux promeneurs de s&rsquo;abriter et de s&rsquo;\u00e9vader. Dans le bois de Boulogne, vous pouvez par exemple croiser une gloriette en forme de pagode dont l&rsquo;utilit\u00e9 est strictement r\u00e9serv\u00e9e \u00e0 la r\u00eaverie.<\/p>\n<p>Retrouvez l&rsquo;int\u00e9gralit\u00e9 de la randonn\u00e9e du GR75 sur notre site <a rel=\"noopener noreferrer nofollow\" href=\"http:\/\/france.tv\/idf\" target=\"_blank\">france.tv\/idf<\/a><\/p>\n","protected":false},"excerpt":{"rendered":"Amateurs de randonn\u00e9e et amoureux de la marche ? Saviez-vous qu&rsquo;un circuit de grande randonn\u00e9e est d\u00e9sormais praticable&hellip;\n","protected":false},"author":2,"featured_media":310718,"comment_status":"","ping_status":"","sticky":false,"template":"","format":"standard","meta":{"footnotes":""},"categories":[1888],"tags":[1111,1928,11,1927,1777,674,1011,27,12,1926,626,1925,25],"class_list":{"0":"post-310717","1":"post","2":"type-post","3":"status-publish","4":"format-standard","5":"has-post-thumbnail","7":"category-paris","8":"tag-actu","9":"tag-actu-paris","10":"tag-actualites","11":"tag-actualites-paris","12":"tag-eu","13":"tag-europe","14":"tag-fr","15":"tag-france","16":"tag-news","17":"tag-news-paris","18":"tag-paris","19":"tag-paris-news","20":"tag-republique-francaise"},"share_on_mastodon":{"url":"https:\/\/pubeurope.com\/@fr\/115007941714504474","error":""},"_links":{"self":[{"href":"https:\/\/www.europesays.com\/fr\/wp-json\/wp\/v2\/posts\/310717","targetHints":{"allow":["GET"]}}],"collection":[{"href":"https:\/\/www.europesays.com\/fr\/wp-json\/wp\/v2\/posts"}],"about":[{"href":"https:\/\/www.europesays.com\/fr\/wp-json\/wp\/v2\/types\/post"}],"author":[{"embeddable":true,"href":"https:\/\/www.europesays.com\/fr\/wp-json\/wp\/v2\/users\/2"}],"replies":[{"embeddable":true,"href":"https:\/\/www.europesays.com\/fr\/wp-json\/wp\/v2\/comments?post=310717"}],"version-history":[{"count":0,"href":"https:\/\/www.europesays.com\/fr\/wp-json\/wp\/v2\/posts\/310717\/revisions"}],"wp:featuredmedia":[{"embeddable":true,"href":"https:\/\/www.europesays.com\/fr\/wp-json\/wp\/v2\/media\/310718"}],"wp:attachment":[{"href":"https:\/\/www.europesays.com\/fr\/wp-json\/wp\/v2\/media?parent=310717"}],"wp:term":[{"taxonomy":"category","embeddable":true,"href":"https:\/\/www.europesays.com\/fr\/wp-json\/wp\/v2\/categories?post=310717"},{"taxonomy":"post_tag","embeddable":true,"href":"https:\/\/www.europesays.com\/fr\/wp-json\/wp\/v2\/tags?post=310717"}],"curies":[{"name":"wp","href":"https:\/\/api.w.org\/{rel}","templated":true}]}}