{"id":310729,"date":"2025-08-11T03:15:15","date_gmt":"2025-08-11T03:15:15","guid":{"rendered":"https:\/\/www.europesays.com\/fr\/310729\/"},"modified":"2025-08-11T03:15:15","modified_gmt":"2025-08-11T03:15:15","slug":"j-d-vance-en-visite-au-royaume-uni-pour-discuter-de-gaza-et-de-lukraine-2","status":"publish","type":"post","link":"https:\/\/www.europesays.com\/fr\/310729\/","title":{"rendered":"J.D. Vance en visite au Royaume-Uni pour discuter de Gaza et de l&rsquo;Ukraine"},"content":{"rendered":"<p>Le vice-pr\u00e9sident am\u00e9ricain J.D. Vance a rencontr\u00e9 le secr\u00e9taire d\u2019\u00c9tat britannique aux Affaires \u00e9trang\u00e8res, David Lammy, vendredi dans une r\u00e9sidence officielle au sud de Londres. Les deux dirigeants ont d\u00e9clar\u00e9 que l\u2019ordre du jour incluait l\u2019\u00e9conomie mondiale, la guerre entre Isra\u00ebl et le Hamas et l\u2019invasion russe de l\u2019Ukraine.<\/p>\n<p>R\u00e9pondant aux questions des journalistes avant leurs entretiens, M.\u00a0Vance a \u00e9voqu\u00e9 la d\u00e9cision du Royaume-Uni de reconna\u00eetre un \u00c9tat palestinien en septembre, \u00e0 moins qu\u2019Isra\u00ebl n\u2019accepte un cessez-le-feu \u00e0 Gaza. Il a affirm\u00e9 qu\u2019il n\u2019\u00e9tait pas certain de la signification d\u2019une telle reconnaissance, \u00ab\u00e9tant donn\u00e9 l\u2019absence de gouvernement fonctionnel dans cette r\u00e9gion\u00bb.<\/p>\n<p>Interrog\u00e9 sur la question de savoir si M.\u00a0Trump avait \u00e9t\u00e9 inform\u00e9 de l\u2019intention annonc\u00e9e d\u2019Isra\u00ebl d\u2019occuper la ville de Gaza, M.\u00a0Vance a r\u00e9pondu qu\u2019il ne s\u2019engagerait pas dans de telles discussions.<\/p>\n<p>\u00abS\u2019il \u00e9tait facile d\u2019apporter la paix dans cette r\u00e9gion du monde, cela aurait d\u00e9j\u00e0 \u00e9t\u00e9 fait\u00bb, a-t-il d\u00e9clar\u00e9.<\/p>\n<p>Cette rencontre survient dans un contexte de d\u00e9bats entre Washington et Londres sur la meilleure fa\u00e7on de mettre fin aux guerres entre la Russie et l\u2019Ukraine, ainsi qu\u2019entre Isra\u00ebl et le Hamas. <\/p>\n<p>La discussion est aussi tenue alors que le Royaume-Uni tente de n\u00e9gocier des conditions favorables pour ses exportations d\u2019acier et d\u2019aluminium vers les \u00c9tats-Unis, et que les deux parties peaufinent les d\u00e9tails d\u2019un accord commercial plus large annonc\u00e9 fin juin.<\/p>\n<p>Le pr\u00e9sident russe Vladimir Poutine a d\u00e9clar\u00e9 jeudi esp\u00e9rer rencontrer le pr\u00e9sident am\u00e9ricain Donald Trump la semaine prochaine, des propos qui interviennent la veille de la date limite fix\u00e9e par M.\u00a0Trump pour que Moscou fasse \u00e9tat de progr\u00e8s vers la fin de la guerre en Ukraine, qui dure depuis pr\u00e8s de trois ans et demi.<\/p>\n<p>Alors que M.\u00a0Trump s\u2019est concentr\u00e9 sur les discussions bilat\u00e9rales avec Vladimir Poutine, le premier ministre britannique Keir Starmer et d\u2019autres dirigeants europ\u00e9ens ont soulign\u00e9 que l\u2019Ukraine devait \u00eatre partie prenante de toute n\u00e9gociation visant \u00e0 mettre fin \u00e0 la guerre.<\/p>\n<p>Les \u00c9tats-Unis et le Royaume-Uni, qui entretiennent des liens historiques \u00e9troits, connus sous le nom de \u00abrelation sp\u00e9ciale\u00bb, sont \u00e9galement en d\u00e9saccord sur leur approche pour mettre fin \u00e0 la guerre \u00e0 Gaza.<\/p>\n<p>La rencontre a eu lieu \u00e0 Chevening, une demeure vieille de pr\u00e8s de 400\u00a0ans entour\u00e9e de 1200 hectares de jardins, qui sert de r\u00e9sidence de campagne officielle du secr\u00e9taire aux Affaires \u00e9trang\u00e8res.<\/p>\n<p>Une vingtaine de manifestants ont \u00e9t\u00e9 aper\u00e7us sur la route avant la sortie menant \u00e0 la demeure. Certains portaient des keffiehs et un autre brandissait une pancarte ronde sur laquelle \u00e9tait imprim\u00e9 un m\u00e8me se moquant de J.D. Vance.<\/p>\n<p><b>Vance est un \u00abami\u00bb<\/b><\/p>\n<p>MM.\u00a0Vance et Lammy sont issus d\u2019horizons politiques oppos\u00e9s, mais ont tiss\u00e9 des liens personnels gr\u00e2ce \u00e0 leur enfance difficile et \u00e0 leur foi chr\u00e9tienne.<\/p>\n<p>Bien que M.\u00a0Lammy soit membre du Parti travailliste, de gauche, et que M.\u00a0Vance soit un r\u00e9publicain conservateur soutenant le programme \u00abl\u2019Am\u00e9rique d\u2019abord\u00bb de Donald Trump, les deux hommes se sont rapproch\u00e9s ces derniers mois.<\/p>\n<p>M.\u00a0Lammy a affirm\u00e9 au Guardian que les deux hommes se reconnaissaient dans leur enfance \u00abdysfonctionnelle\u00bb dans la classe ouvri\u00e8re et qu\u2019il consid\u00e9rait M.\u00a0Vance comme un \u00abami\u00bb.<\/p>\n<p>Il a assist\u00e9 \u00e0 une messe catholique au domicile des Vance \u00e0 Washington plus t\u00f4t cette ann\u00e9e, et les deux hommes se sont retrouv\u00e9s \u00e0 l\u2019ambassade des \u00c9tats-Unis \u00e0 Rome lors de l\u2019investiture du pape L\u00e9on XIV en mai, avec la vice-premi\u00e8re ministre du Royaume-Uni Angela Rayner.<\/p>\n<p>\u00abJ\u2019ai eu le sentiment que J.D. s\u2019identifiait parfaitement \u00e0 moi et qu\u2019il s\u2019identifiait parfaitement \u00e0 Angela, a dit M.\u00a0Lammy au Guardian. Ce fut donc une heure et demie merveilleuse.\u00bb<\/p>\n<p>Apr\u00e8s quelques jours pass\u00e9s \u00e0 Chevening, M.\u00a0Vance et sa famille se rendront dans les Cotswolds, une r\u00e9gion pris\u00e9e des touristes am\u00e9ricains fortun\u00e9s pour ses villages pittoresques, ses manoirs en pierre et sa campagne rurale rappelant l\u2019Angleterre d\u2019antan. <\/p>\n<p>Le voyage de la famille Vance comprendra des engagements officiels, des collectes de fonds, des visites de sites culturels et de mus\u00e9es, ainsi que des rencontres avec les troupes am\u00e9ricaines, selon une personne proche du voyage de M.\u00a0Vance, qui n\u2019\u00e9tait pas autoris\u00e9e \u00e0 s\u2019exprimer publiquement et qui a requis l\u2019anonymat.<\/p>\n<p>De nombreuses c\u00e9l\u00e9brit\u00e9s se sont rendues dans la r\u00e9gion il y a deux semaines pour le mariage d\u2019Eve Jobs, la fille du cofondateur d\u2019Apple, Steve Jobs, et de Harry Charles, membre de l\u2019\u00e9quipe \u00e9questre britannique aux Jeux olympiques de Paris l\u2019\u00e9t\u00e9 dernier.<\/p>\n<p>Les Cotswolds s\u2019\u00e9tendent sur environ 2000 kilom\u00e8tres carr\u00e9s et couvrent une partie de cinq comt\u00e9s de l\u2019ouest de l\u2019Angleterre. Selon les m\u00e9dias britanniques, M.\u00a0Vance et sa famille auraient lou\u00e9 une maison dans le village de Charlbury, \u00e0 20\u00a0kilom\u00e8tres \u00e0 l\u2019ouest d\u2019Oxford.<\/p>\n","protected":false},"excerpt":{"rendered":"Le vice-pr\u00e9sident am\u00e9ricain J.D. Vance a rencontr\u00e9 le secr\u00e9taire d\u2019\u00c9tat britannique aux Affaires \u00e9trang\u00e8res, David Lammy, vendredi dans&hellip;\n","protected":false},"author":2,"featured_media":310730,"comment_status":"","ping_status":"","sticky":false,"template":"","format":"standard","meta":{"footnotes":""},"categories":[1588],"tags":[11,1777,674,4574,1854,4576,12,473,1853,1851,1850,1852],"class_list":{"0":"post-310729","1":"post","2":"type-post","3":"status-publish","4":"format-standard","5":"has-post-thumbnail","7":"category-royaume-uni","8":"tag-actualites","9":"tag-eu","10":"tag-europe","11":"tag-https-lactualite-com-sujet-affaires","12":"tag-https-lactualite-com-sujet-international","13":"tag-https-lactualite-com-sujet-politique","14":"tag-news","15":"tag-royaume-uni","16":"tag-royaume-uni-de-grande-bretagne-et-dirlande-du-nord","17":"tag-uk","18":"tag-united-kingdom","19":"tag-united-kingdom-of-great-britain-and-northern-ireland"},"share_on_mastodon":{"url":"https:\/\/pubeurope.com\/@fr\/115007961513546340","error":""},"_links":{"self":[{"href":"https:\/\/www.europesays.com\/fr\/wp-json\/wp\/v2\/posts\/310729","targetHints":{"allow":["GET"]}}],"collection":[{"href":"https:\/\/www.europesays.com\/fr\/wp-json\/wp\/v2\/posts"}],"about":[{"href":"https:\/\/www.europesays.com\/fr\/wp-json\/wp\/v2\/types\/post"}],"author":[{"embeddable":true,"href":"https:\/\/www.europesays.com\/fr\/wp-json\/wp\/v2\/users\/2"}],"replies":[{"embeddable":true,"href":"https:\/\/www.europesays.com\/fr\/wp-json\/wp\/v2\/comments?post=310729"}],"version-history":[{"count":0,"href":"https:\/\/www.europesays.com\/fr\/wp-json\/wp\/v2\/posts\/310729\/revisions"}],"wp:featuredmedia":[{"embeddable":true,"href":"https:\/\/www.europesays.com\/fr\/wp-json\/wp\/v2\/media\/310730"}],"wp:attachment":[{"href":"https:\/\/www.europesays.com\/fr\/wp-json\/wp\/v2\/media?parent=310729"}],"wp:term":[{"taxonomy":"category","embeddable":true,"href":"https:\/\/www.europesays.com\/fr\/wp-json\/wp\/v2\/categories?post=310729"},{"taxonomy":"post_tag","embeddable":true,"href":"https:\/\/www.europesays.com\/fr\/wp-json\/wp\/v2\/tags?post=310729"}],"curies":[{"name":"wp","href":"https:\/\/api.w.org\/{rel}","templated":true}]}}