{"id":310731,"date":"2025-08-11T03:16:15","date_gmt":"2025-08-11T03:16:15","guid":{"rendered":"https:\/\/www.europesays.com\/fr\/310731\/"},"modified":"2025-08-11T03:16:15","modified_gmt":"2025-08-11T03:16:15","slug":"le-peuple-en-faveur-dune-reconnaissance-officielle-de-la-palestine-la-presse-de-tunisie","status":"publish","type":"post","link":"https:\/\/www.europesays.com\/fr\/310731\/","title":{"rendered":"le peuple en faveur d\u2019une reconnaissance officielle de la Palestine \u2013 La Presse de Tunisie"},"content":{"rendered":"<p>&#13;<br \/>\n&#13;<br \/>\n\t\t\t\t\t&#13;<br \/>\n&#13;<br \/>\n\t\t\t\t\t\t&#13;<br \/>\n\t\t\t\t\t\t&#13;<br \/>\n\t\t\t\t\t\t&#13;<br \/>\n&#13;<\/p>\n<p>&#13;<br \/>\n\t\t\t\t\t&#13;<br \/>\n&#13;<br \/>\n\t\t\t\t\t&#13;<\/p>\n<p>\t\t\t\t\t\t\t\t\t\t<img width=\"850\" height=\"491\" src=\"https:\/\/www.europesays.com\/fr\/wp-content\/uploads\/2025\/08\/1200x680_sc_maxnewsspecialtwo215-850x491.jpg\" class=\"attachment-bdaia-large size-bdaia-large wp-post-image\" alt=\"\" decoding=\"async\" fetchpriority=\"high\"\/>\t\t\t\t\t\t\t\t\t\t\t\t\t\t\t\t\t\t\t<\/p>\n<p>Un sondage r\u00e9alis\u00e9 en Allemagne r\u00e9v\u00e8le que plus de la moiti\u00e9 de la population est favorable \u00e0 la reconnaissance imm\u00e9diate de la Palestine par Berlin, une initiative que le gouvernement allemand rejette actuellement.<br \/>Ce sondage, r\u00e9alis\u00e9 par Forsa pour le magazine allemand \u00ab International Politics \u00bb, r\u00e9v\u00e8le que 54 % des personnes interrog\u00e9es ont r\u00e9pondu \u00ab oui \u00bb \u00e0 la question : \u00ab L\u2019Allemagne devrait-elle d\u00e9sormais reconna\u00eetre la Palestine comme \u00c9tat ?\u00bb<br \/>Seuls 31 % des personnes interrog\u00e9es rejettent l\u2019id\u00e9e que l\u2019Allemagne reconnaisse la Palestine comme \u00c9tat.<br \/>Selon le sondage, 53 % des habitants des villes de l\u2019ouest de l\u2019Allemagne soutiennent la reconnaissance de la Palestine comme \u00c9tat par l\u2019Allemagne, contre 59 % dans les villes de l\u2019est.<br \/>Il convient de noter que le gouvernement allemand consid\u00e8re la reconnaissance de l\u2019\u00c9tat de Palestine comme l\u2019une des derni\u00e8res \u00e9tapes vers la solution \u00e0 deux \u00c9tats.<\/p>\n<p>\t\t\t\t\t&#13;<br \/>\n&#13;<br \/>\n\t\t\t\t\t&#13;<br \/>\n\t\t\t\t\t\t&#13;<br \/>\n\t\t\t\t\t\t&#13;<br \/>\n\t\t\t\t\t\t&#13;<\/p>\n<p>&#13;<br \/>\n\t\t\t\t\t\t&#13;<\/p>\n<p>\t\t<a href=\"https:\/\/lapresse.tn\/author\/belhassen\/\" rel=\"nofollow noopener\" target=\"_blank\"><img loading=\"lazy\" alt=\"\" src=\"https:\/\/www.europesays.com\/fr\/wp-content\/uploads\/2025\/08\/FREE-LOGO-MOCKUP-1-150x150.png\"  class=\"avatar avatar-150 photo\" height=\"150\" width=\"150\" decoding=\"async\"\/><\/a><\/p>\n<p>\t\t\t\t\t&#13;<br \/>\n&#13;<\/p>\n<p>&#13;<\/p>\n","protected":false},"excerpt":{"rendered":"&#13; &#13; &#13; &#13; &#13; &#13; &#13; &#13; &#13; &#13; &#13; &#13; Un sondage r\u00e9alis\u00e9 en Allemagne r\u00e9v\u00e8le&hellip;\n","protected":false},"author":2,"featured_media":310732,"comment_status":"","ping_status":"","sticky":false,"template":"","format":"standard","meta":{"footnotes":""},"categories":[1587],"tags":[11,672,1804,1805,1803,1777,674,1801,12,1802],"class_list":{"0":"post-310731","1":"post","2":"type-post","3":"status-publish","4":"format-standard","5":"has-post-thumbnail","7":"category-allemagne","8":"tag-actualites","9":"tag-allemagne","10":"tag-bundesrepublik-deutschland","11":"tag-de","12":"tag-deutschland","13":"tag-eu","14":"tag-europe","15":"tag-germany","16":"tag-news","17":"tag-republique-federale-dallemagne"},"share_on_mastodon":{"url":"https:\/\/pubeurope.com\/@fr\/115007965455399888","error":""},"_links":{"self":[{"href":"https:\/\/www.europesays.com\/fr\/wp-json\/wp\/v2\/posts\/310731","targetHints":{"allow":["GET"]}}],"collection":[{"href":"https:\/\/www.europesays.com\/fr\/wp-json\/wp\/v2\/posts"}],"about":[{"href":"https:\/\/www.europesays.com\/fr\/wp-json\/wp\/v2\/types\/post"}],"author":[{"embeddable":true,"href":"https:\/\/www.europesays.com\/fr\/wp-json\/wp\/v2\/users\/2"}],"replies":[{"embeddable":true,"href":"https:\/\/www.europesays.com\/fr\/wp-json\/wp\/v2\/comments?post=310731"}],"version-history":[{"count":0,"href":"https:\/\/www.europesays.com\/fr\/wp-json\/wp\/v2\/posts\/310731\/revisions"}],"wp:featuredmedia":[{"embeddable":true,"href":"https:\/\/www.europesays.com\/fr\/wp-json\/wp\/v2\/media\/310732"}],"wp:attachment":[{"href":"https:\/\/www.europesays.com\/fr\/wp-json\/wp\/v2\/media?parent=310731"}],"wp:term":[{"taxonomy":"category","embeddable":true,"href":"https:\/\/www.europesays.com\/fr\/wp-json\/wp\/v2\/categories?post=310731"},{"taxonomy":"post_tag","embeddable":true,"href":"https:\/\/www.europesays.com\/fr\/wp-json\/wp\/v2\/tags?post=310731"}],"curies":[{"name":"wp","href":"https:\/\/api.w.org\/{rel}","templated":true}]}}