{"id":310733,"date":"2025-08-11T03:17:13","date_gmt":"2025-08-11T03:17:13","guid":{"rendered":"https:\/\/www.europesays.com\/fr\/310733\/"},"modified":"2025-08-11T03:17:13","modified_gmt":"2025-08-11T03:17:13","slug":"leurope-veut-que-lukraine-prenne-part-aux-negociations-de-paix-americano-russes-2","status":"publish","type":"post","link":"https:\/\/www.europesays.com\/fr\/310733\/","title":{"rendered":"L&rsquo;Europe veut que l&rsquo;Ukraine prenne part aux n\u00e9gociations de paix am\u00e9ricano-russes"},"content":{"rendered":"<p>&#13;<br \/>\n                        L&rsquo;Europe veut que l&rsquo;Ukraine prenne part aux n\u00e9gociations de paix am\u00e9ricano-russes&#13;\n                    <\/p>\n<p style=\"text-align:\">Alors que la Russie et les \u00c9tats-Unis se pr\u00e9parent \u00e0 des n\u00e9gociations sur un \u00e9ventuel cessez-le-feu en Ukraine, Kaja Kallas, haute repr\u00e9sentante de l&rsquo;Union europ\u00e9enne (UE) pour les Affaires \u00e9trang\u00e8res et la Politique de s\u00e9curit\u00e9, a d\u00e9clar\u00e9 dimanche 10 ao\u00fbt que tout accord entre les deux pays devrait impliquer l&rsquo;Ukraine et l&rsquo;UE.<\/p>\n<p><a href=\"https:\/\/lecourrier.vn\/une-rencontre-trump-poutine-prevue-dans-les-prochains-jours-selon-le-kremlin\/1288349.html\" title=\"Une rencontre Trump-Poutine pr\u00e9vue &lt;i&gt;&quot;dans les prochains jours&quot;&lt;\/i&gt;, selon le Kremlin\" target=\"_blank\" rel=\"noopener\">&gt;&gt; Une rencontre Trump-Poutine pr\u00e9vue \u00ab\u00a0dans les prochains jours\u00a0\u00bb, selon le Kremlin<\/a><\/p>\n<p><a href=\"https:\/\/lecourrier.vn\/conflit-russie-ukraine-donald-trump-va-rencontrer-vladimir-poutine-le-15-aout-en-alaska\/1288450.html\" title=\"Conflit Russie - Ukraine : Donald Trump va rencontrer Vladimir Poutine le 15 ao\u00fbt en Alaska\" target=\"_blank\" rel=\"noopener\">&gt;&gt; Conflit Russie &#8211; Ukraine : Donald Trump va rencontrer Vladimir Poutine le 15 ao\u00fbt en Alaska<\/a><\/p>\n<p><a href=\"https:\/\/lecourrier.vn\/la-russie-sattend-a-ce-que-la-prochaine-rencontre-poutine-trump-apres-lalaska-se-tienne-en-russie\/1288461.html\" title=\"La Russie s&#039;attend \u00e0 ce que la prochaine rencontre Poutine - Trump apr\u00e8s l&#039;Alaska se tienne en Russie\" target=\"_blank\" rel=\"noopener\">&gt;&gt; La Russie s&rsquo;attend \u00e0 ce que la prochaine rencontre Poutine &#8211; Trump apr\u00e8s l&rsquo;Alaska se tienne en Russie<\/a><\/p>\n<tr>\n<td class=\"pic\"><img decoding=\"async\" class=\"lazyload\" src=\"https:\/\/www.europesays.com\/fr\/wp-content\/uploads\/2025\/08\/081322-field_media_image-2947811-e308df16d74db0a0e740db34bad79428d4e99a21.webp.webp\" alt=\"\"\/><\/td>\n<\/tr>\n<tr>\n<td class=\"caption\">Combo des photos de Volodymir Zelensky (gauche), Donald Trump (centre) et Vladimir Poutine.<\/td>\n<\/tr>\n<tr align=\"right\">\n<td class=\"author\">Photo : AFP\/VNA\/CVN<\/td>\n<\/tr>\n<p style=\"text-align:left\">\u00ab\u00a0Tout accord entre les \u00c9tats-Unis et la Russie doit inclure l&rsquo;Ukraine et l&rsquo;UE, car il en va de la s\u00e9curit\u00e9 de l&rsquo;Ukraine et de l&rsquo;Europe tout enti\u00e8re\u00a0\u00bb, a-t-elle affirm\u00e9.<\/p>\n<p style=\"text-align:left\">Mme Kallas a r\u00e9v\u00e9l\u00e9 qu&rsquo;elle convoquerait lundi 11 ao\u00fbt\u00a0une r\u00e9union en ligne des ministres des Affaires \u00e9trang\u00e8res de l&rsquo;UE afin de discuter des \u00ab\u00a0prochaines \u00e9tapes\u00a0\u00bb.<\/p>\n<p style=\"text-align:left\">Le pr\u00e9sident am\u00e9ricain Donald Trump et le pr\u00e9sident russe Vladimir Poutine doivent se rencontrer le 15 ao\u00fbt en Alaska, aux \u00c9tats-Unis, pour discuter d&rsquo;un \u00e9ventuel cessez-le-feu en Ukraine. Il s&rsquo;agit des premi\u00e8res discussions entre les deux dirigeants depuis 2021.<\/p>\n<p style=\"text-align:right\"><b>Xinhua\/VNA\/CVN<\/b><\/p>\n","protected":false},"excerpt":{"rendered":"&#13; L&rsquo;Europe veut que l&rsquo;Ukraine prenne part aux n\u00e9gociations de paix am\u00e9ricano-russes&#13; Alors que la Russie et les&hellip;\n","protected":false},"author":2,"featured_media":310734,"comment_status":"","ping_status":"","sticky":false,"template":"","format":"standard","meta":{"footnotes":""},"categories":[1586],"tags":[11,75,1777,674,1011,27,27325,12,25,220,135],"class_list":{"0":"post-310733","1":"post","2":"type-post","3":"status-publish","4":"format-standard","5":"has-post-thumbnail","7":"category-europe","8":"tag-actualites","9":"tag-donald-trump","10":"tag-eu","11":"tag-europe","12":"tag-fr","13":"tag-france","14":"tag-negociations-de-paix","15":"tag-news","16":"tag-republique-francaise","17":"tag-ukraine","18":"tag-vladimir-poutine"},"share_on_mastodon":{"url":"https:\/\/pubeurope.com\/@fr\/115007969367296734","error":""},"_links":{"self":[{"href":"https:\/\/www.europesays.com\/fr\/wp-json\/wp\/v2\/posts\/310733","targetHints":{"allow":["GET"]}}],"collection":[{"href":"https:\/\/www.europesays.com\/fr\/wp-json\/wp\/v2\/posts"}],"about":[{"href":"https:\/\/www.europesays.com\/fr\/wp-json\/wp\/v2\/types\/post"}],"author":[{"embeddable":true,"href":"https:\/\/www.europesays.com\/fr\/wp-json\/wp\/v2\/users\/2"}],"replies":[{"embeddable":true,"href":"https:\/\/www.europesays.com\/fr\/wp-json\/wp\/v2\/comments?post=310733"}],"version-history":[{"count":0,"href":"https:\/\/www.europesays.com\/fr\/wp-json\/wp\/v2\/posts\/310733\/revisions"}],"wp:featuredmedia":[{"embeddable":true,"href":"https:\/\/www.europesays.com\/fr\/wp-json\/wp\/v2\/media\/310734"}],"wp:attachment":[{"href":"https:\/\/www.europesays.com\/fr\/wp-json\/wp\/v2\/media?parent=310733"}],"wp:term":[{"taxonomy":"category","embeddable":true,"href":"https:\/\/www.europesays.com\/fr\/wp-json\/wp\/v2\/categories?post=310733"},{"taxonomy":"post_tag","embeddable":true,"href":"https:\/\/www.europesays.com\/fr\/wp-json\/wp\/v2\/tags?post=310733"}],"curies":[{"name":"wp","href":"https:\/\/api.w.org\/{rel}","templated":true}]}}