{"id":310742,"date":"2025-08-11T03:22:12","date_gmt":"2025-08-11T03:22:12","guid":{"rendered":"https:\/\/www.europesays.com\/fr\/310742\/"},"modified":"2025-08-11T03:22:12","modified_gmt":"2025-08-11T03:22:12","slug":"pif-london-championship-une-belle-4e-place-pour-cernousek","status":"publish","type":"post","link":"https:\/\/www.europesays.com\/fr\/310742\/","title":{"rendered":"PIF London Championship\u00a0: Une belle 4e place pour Cernousek"},"content":{"rendered":"<p>L&rsquo;important groupe \u00e0 -7, qui compte au final sept membres, a justement vu d\u00e9barquer celle qui a fini meilleure Fran\u00e7aise de cette semaine. Solide depuis vendredi, <strong>Adela Cernousek <\/strong>a d\u00e9marr\u00e9 sa derni\u00e8re journ\u00e9e par un eagle d\u00e8s le par 5 du 1. M\u00eame apr\u00e8s trois bogeys cons\u00e9cutifs du 6 au 8, elle a remis la marche avant sur le retour, avec des birdies au 10, au 11, au 13 et au 16. Restait le par 5 du 18, opportunit\u00e9 qu&rsquo;elle a saisie de tr\u00e8s belle mani\u00e8re. En deux \u00e0 quelques m\u00e8tres du trous, elle a rentr\u00e9 le putt pour eagle, avant de tomber dans les bras de <strong>Candice Mah\u00e9<\/strong>, future membre de l&rsquo;\u00e9quipe de France mid-amateur au Championnat d&rsquo;Europe par \u00e9quipes de la cat\u00e9gorie en septembre, et qui \u00e9tait sur son sac cette semaine. Pour sa premi\u00e8re apparition dans un tournoi r\u00e9gulier du <strong>LET <\/strong>en tant que professionnelle, elle qui effectue l&rsquo;essentiel de sa premi\u00e8re ann\u00e9e sur le <strong>LPGA Tour<\/strong>, <strong>Adela Cernousek <\/strong>signe donc un joli top 5, avec cette 4e place.<\/p>\n<p>Le dernier tour a \u00e9t\u00e9 moins favorable pour <strong>Perrine Delacour<\/strong>. En embuscade \u00e0 trois longueurs de F\u00fcnfst\u00fcck avant la derni\u00e8re journ\u00e9e, la joueuse picarde a pein\u00e9 \u00e0 trouver la cible sur ses occasions de birdies, et commis quelques erreurs, comme ses trois-putts au 7 ou au 17, qui ont d\u00e9bouch\u00e9 sur des bogeys. Avec un 73 (par) ce dimanche, elle signe tout de m\u00eame une belle performance, avec une 11e place, \u00e0 -6 total, ce qui l&rsquo;am\u00e8ne au 9e rang de l&rsquo;<strong>Ordre du m\u00e9rite <\/strong>du <strong>LET<\/strong>. Le troisi\u00e8me tour a \u00e9t\u00e9 boucl\u00e9 sur un score de 71 (-2) par la n\u00b0\u00a01 fran\u00e7aise <strong>C\u00e9line Boutier<\/strong>, qui a pris la 19e place finale, \u00e0 -3.<\/p>\n","protected":false},"excerpt":{"rendered":"L&rsquo;important groupe \u00e0 -7, qui compte au final sept membres, a justement vu d\u00e9barquer celle qui a fini&hellip;\n","protected":false},"author":2,"featured_media":310743,"comment_status":"","ping_status":"","sticky":false,"template":"","format":"standard","meta":{"footnotes":""},"categories":[1418],"tags":[1011,27,1472,60],"class_list":{"0":"post-310742","1":"post","2":"type-post","3":"status-publish","4":"format-standard","5":"has-post-thumbnail","7":"category-golf","8":"tag-fr","9":"tag-france","10":"tag-golf","11":"tag-sports"},"share_on_mastodon":{"url":"https:\/\/pubeurope.com\/@fr\/115007988891443293","error":""},"_links":{"self":[{"href":"https:\/\/www.europesays.com\/fr\/wp-json\/wp\/v2\/posts\/310742","targetHints":{"allow":["GET"]}}],"collection":[{"href":"https:\/\/www.europesays.com\/fr\/wp-json\/wp\/v2\/posts"}],"about":[{"href":"https:\/\/www.europesays.com\/fr\/wp-json\/wp\/v2\/types\/post"}],"author":[{"embeddable":true,"href":"https:\/\/www.europesays.com\/fr\/wp-json\/wp\/v2\/users\/2"}],"replies":[{"embeddable":true,"href":"https:\/\/www.europesays.com\/fr\/wp-json\/wp\/v2\/comments?post=310742"}],"version-history":[{"count":0,"href":"https:\/\/www.europesays.com\/fr\/wp-json\/wp\/v2\/posts\/310742\/revisions"}],"wp:featuredmedia":[{"embeddable":true,"href":"https:\/\/www.europesays.com\/fr\/wp-json\/wp\/v2\/media\/310743"}],"wp:attachment":[{"href":"https:\/\/www.europesays.com\/fr\/wp-json\/wp\/v2\/media?parent=310742"}],"wp:term":[{"taxonomy":"category","embeddable":true,"href":"https:\/\/www.europesays.com\/fr\/wp-json\/wp\/v2\/categories?post=310742"},{"taxonomy":"post_tag","embeddable":true,"href":"https:\/\/www.europesays.com\/fr\/wp-json\/wp\/v2\/tags?post=310742"}],"curies":[{"name":"wp","href":"https:\/\/api.w.org\/{rel}","templated":true}]}}