{"id":310744,"date":"2025-08-11T03:24:17","date_gmt":"2025-08-11T03:24:17","guid":{"rendered":"https:\/\/www.europesays.com\/fr\/310744\/"},"modified":"2025-08-11T03:24:17","modified_gmt":"2025-08-11T03:24:17","slug":"le-stade-francais-veut-faire-tres-attention-a-leo-barre-auteur-dune-tournee-ratee-avec-le-xv-de-france","status":"publish","type":"post","link":"https:\/\/www.europesays.com\/fr\/310744\/","title":{"rendered":"Le Stade-Fran\u00e7ais veut faire tr\u00e8s attention \u00e0 L\u00e9o Barr\u00e9, auteur d&rsquo;une Tourn\u00e9e rat\u00e9e avec le XV de France"},"content":{"rendered":"<p>Les vacances sont termin\u00e9es pour la plupart des joueurs du Top 14.<\/p>\n<p>Les clubs sont en pleine pr\u00e9paration de la saison 2025 \/ 2026.<\/p>\n<p>Certains internationaux Fran\u00e7ais ont d\u00e9cid\u00e9 d\u2019\u00e9courter leurs vacances pour reprendre rapidement avec leur club.<\/p>\n<p>D\u2019autres vont prendre leurs quatre semaines de repos comme pr\u00e9vu.<\/p>\n<p>De son c\u00f4t\u00e9, l\u2019arri\u00e8re Parisien L\u00e9o Barr\u00e9 va b\u00e9n\u00e9ficier d\u2019une reprise am\u00e9nag\u00e9e.<\/p>\n<p>Auteur de prestations rat\u00e9es en Nouvelle-Z\u00e9lande avec les Bleus, L\u00e9o Barr\u00e9 n\u2019est pas au meilleur de sa forme mentale.<\/p>\n<p>Paul Gustard, le manager du Stade-Fran\u00e7ais Paris a d\u00e9cid\u00e9 de faire tr\u00e8s attention \u00e0 son arri\u00e8re.<\/p>\n<p><strong>Il s\u2019est confi\u00e9 via <a href=\"https:\/\/www.rugbyrama.fr\/2025\/08\/07\/xv-de-france-top-14-retour-des-bleus-barbecues-ranges-place-aux-stages-aux-tests-et-aux-ajustements-12865262.php\" rel=\"nofollow noopener\" target=\"_blank\">Midi Olympique<\/a>. Extrait:<\/strong><\/p>\n<p>\u00ab Il est important qu\u2019il r\u00e9cup\u00e8re mentalement et soit pr\u00eat \u00e0 jouer \u00e0 son meilleur niveau\u2026 Nous g\u00e9rerons donc sa charge d\u2019entra\u00eenement et serons tr\u00e8s \u00e0 l\u2019\u00e9coute. \u00bb<\/p>\n","protected":false},"excerpt":{"rendered":"Les vacances sont termin\u00e9es pour la plupart des joueurs du Top 14. Les clubs sont en pleine pr\u00e9paration&hellip;\n","protected":false},"author":2,"featured_media":310745,"comment_status":"","ping_status":"","sticky":false,"template":"","format":"standard","meta":{"footnotes":""},"categories":[1416],"tags":[1011,27,479,1468,60],"class_list":{"0":"post-310744","1":"post","2":"type-post","3":"status-publish","4":"format-standard","5":"has-post-thumbnail","7":"category-rugby","8":"tag-fr","9":"tag-france","10":"tag-rugby","11":"tag-rugby-football","12":"tag-sports"},"share_on_mastodon":{"url":"https:\/\/pubeurope.com\/@fr\/115007996788792269","error":""},"_links":{"self":[{"href":"https:\/\/www.europesays.com\/fr\/wp-json\/wp\/v2\/posts\/310744","targetHints":{"allow":["GET"]}}],"collection":[{"href":"https:\/\/www.europesays.com\/fr\/wp-json\/wp\/v2\/posts"}],"about":[{"href":"https:\/\/www.europesays.com\/fr\/wp-json\/wp\/v2\/types\/post"}],"author":[{"embeddable":true,"href":"https:\/\/www.europesays.com\/fr\/wp-json\/wp\/v2\/users\/2"}],"replies":[{"embeddable":true,"href":"https:\/\/www.europesays.com\/fr\/wp-json\/wp\/v2\/comments?post=310744"}],"version-history":[{"count":0,"href":"https:\/\/www.europesays.com\/fr\/wp-json\/wp\/v2\/posts\/310744\/revisions"}],"wp:featuredmedia":[{"embeddable":true,"href":"https:\/\/www.europesays.com\/fr\/wp-json\/wp\/v2\/media\/310745"}],"wp:attachment":[{"href":"https:\/\/www.europesays.com\/fr\/wp-json\/wp\/v2\/media?parent=310744"}],"wp:term":[{"taxonomy":"category","embeddable":true,"href":"https:\/\/www.europesays.com\/fr\/wp-json\/wp\/v2\/categories?post=310744"},{"taxonomy":"post_tag","embeddable":true,"href":"https:\/\/www.europesays.com\/fr\/wp-json\/wp\/v2\/tags?post=310744"}],"curies":[{"name":"wp","href":"https:\/\/api.w.org\/{rel}","templated":true}]}}