{"id":310748,"date":"2025-08-11T03:27:10","date_gmt":"2025-08-11T03:27:10","guid":{"rendered":"https:\/\/www.europesays.com\/fr\/310748\/"},"modified":"2025-08-11T03:27:10","modified_gmt":"2025-08-11T03:27:10","slug":"motogp-competition-decalee-yamaha-et-pramac-font-tomber-les-quilles","status":"publish","type":"post","link":"https:\/\/www.europesays.com\/fr\/310748\/","title":{"rendered":"MotoGP, Comp\u00e9tition d\u00e9cal\u00e9e, Yamaha et Pramac font tomber les quilles"},"content":{"rendered":"<p><img loading=\"lazy\" decoding=\"async\" src=\"https:\/\/www.europesays.com\/fr\/wp-content\/uploads\/2025\/08\/Reseaux-sociaux.png\" alt=\"Yamaha, MotoGP\" class=\"\" width=\"1080\" height=\"675\"\/><\/p>\n<p class=\"my-0 py-2 [&amp;_strong:has(+br)]:inline-block [&amp;_strong:has(+br)]:pb-2\">\n<strong>Vous n\u2019\u00eates pas assez int\u00e9ress\u00e9 par les r\u00e9seaux sociaux<br \/>\npour suivre plusieurs centaines de pilotes, mais vous n\u2019aimez pas<br \/>\nrater aucune des petites histoires qui animent le MotoGP (Moto2 et<br \/>\nMoto3), le WorldSBK et les autres cat\u00e9gories ? Cette rubrique<br \/>\nquotidienne est faite pour vous, pour bien commencer la journ\u00e9e en<br \/>\nattendant des articles plus cons\u00e9quents mais parfois moins<br \/>\ninsolites ! Aujourd\u2019hui, Yamaha et Pramac ont prouv\u00e9 que la<br \/>\ncomp\u00e9tition ne conna\u00eet d\u00e9cid\u00e9ment aucune pause\u2026 <a href=\"https:\/\/www.instagram.com\/reel\/DNIaGuDtsSv\/?utm_source=ig_web_copy_link&amp;igsh=NG45enM4NnJ4bmZ4\" rel=\"nofollow noopener\" target=\"_blank\"><br \/>\nm\u00eame au bowling<\/a> !<\/strong><\/p>\n<p class=\"my-0 py-2 [&amp;_strong:has(+br)]:inline-block [&amp;_strong:has(+br)]:pb-2\">\nDans l\u2019attente f\u00e9brile de la reprise du championnat la semaine<br \/>\nprochaine, en Autriche, les membres des teams Yamaha MotoGP et<br \/>\nPramac Racing ont d\u00e9cid\u00e9 de s\u2019affronter hors piste. Apr\u00e8s le GP de<br \/>\nTch\u00e9quie, ils ont ainsi pris la direction de la piste de bowling<br \/>\nlocale\u202f! Partag\u00e9e par les comptes officiels @YamahaMotoGP et<br \/>\n@pramacracing, la soir\u00e9e a r\u00e9uni m\u00e9caniciens, ing\u00e9nieurs et membres<br \/>\ndu staff autour d\u2019un autre type de piste que l\u2019asphalte du circuit<br \/>\nde Brno.<\/p>\n<p class=\"my-0 py-2 [&amp;_strong:has(+br)]:inline-block [&amp;_strong:has(+br)]:pb-2\">\n\u00ab Quand aura lieu la revanche ? \u00bb pouvait-on lire sur la<br \/>\nvid\u00e9o partag\u00e9e sur Instagram. De quoi motiver les troupes avant le<br \/>\ngrand rendez-vous autrichien, o\u00f9 l\u2019asphalte remplacera le parquet<br \/>\ncir\u00e9 pour le d\u00e9but de la seconde partie de saison, longue de 10<br \/>\ncourses.<\/p>\n<p><a href=\"https:\/\/www.paddock-gp.com\/wp-content\/uploads\/2025\/08\/Capture-decran-2025-08-10-a-18.53.14.png\" rel=\"nofollow noopener\" target=\"_blank\"><br \/>\n<img loading=\"lazy\" decoding=\"async\" aria-describedby=\"caption-attachment-1317356\" class=\"wp-image-1317356 size-large\" src=\"https:\/\/www.europesays.com\/fr\/wp-content\/uploads\/2025\/08\/Capture-decran-2025-08-10-a-18.53.14-487x400.png\" alt=\"\" width=\"487\" height=\"400\"  \/><\/a><\/p>\n<p id=\"caption-attachment-1317356\" class=\"wp-caption-text\">Yamaha<br \/>\net Pramac Racing au bowling du c\u00f4t\u00e9 de Brno \u00a9 Yamaha MotoGP<\/p>\n<p><script async src=\"\/\/www.instagram.com\/embed.js\"><\/script><\/p>\n","protected":false},"excerpt":{"rendered":"Vous n\u2019\u00eates pas assez int\u00e9ress\u00e9 par les r\u00e9seaux sociaux pour suivre plusieurs centaines de pilotes, mais vous n\u2019aimez&hellip;\n","protected":false},"author":2,"featured_media":310749,"comment_status":"","ping_status":"","sticky":false,"template":"","format":"standard","meta":{"footnotes":""},"categories":[1413],"tags":[1011,27,1457,1456,60],"class_list":{"0":"post-310748","1":"post","2":"type-post","3":"status-publish","4":"format-standard","5":"has-post-thumbnail","7":"category-moto","8":"tag-fr","9":"tag-france","10":"tag-moto","11":"tag-motocycle","12":"tag-sports"},"share_on_mastodon":{"url":"https:\/\/pubeurope.com\/@fr\/115008008655370475","error":""},"_links":{"self":[{"href":"https:\/\/www.europesays.com\/fr\/wp-json\/wp\/v2\/posts\/310748","targetHints":{"allow":["GET"]}}],"collection":[{"href":"https:\/\/www.europesays.com\/fr\/wp-json\/wp\/v2\/posts"}],"about":[{"href":"https:\/\/www.europesays.com\/fr\/wp-json\/wp\/v2\/types\/post"}],"author":[{"embeddable":true,"href":"https:\/\/www.europesays.com\/fr\/wp-json\/wp\/v2\/users\/2"}],"replies":[{"embeddable":true,"href":"https:\/\/www.europesays.com\/fr\/wp-json\/wp\/v2\/comments?post=310748"}],"version-history":[{"count":0,"href":"https:\/\/www.europesays.com\/fr\/wp-json\/wp\/v2\/posts\/310748\/revisions"}],"wp:featuredmedia":[{"embeddable":true,"href":"https:\/\/www.europesays.com\/fr\/wp-json\/wp\/v2\/media\/310749"}],"wp:attachment":[{"href":"https:\/\/www.europesays.com\/fr\/wp-json\/wp\/v2\/media?parent=310748"}],"wp:term":[{"taxonomy":"category","embeddable":true,"href":"https:\/\/www.europesays.com\/fr\/wp-json\/wp\/v2\/categories?post=310748"},{"taxonomy":"post_tag","embeddable":true,"href":"https:\/\/www.europesays.com\/fr\/wp-json\/wp\/v2\/tags?post=310748"}],"curies":[{"name":"wp","href":"https:\/\/api.w.org\/{rel}","templated":true}]}}