{"id":310750,"date":"2025-08-11T03:28:09","date_gmt":"2025-08-11T03:28:09","guid":{"rendered":"https:\/\/www.europesays.com\/fr\/310750\/"},"modified":"2025-08-11T03:28:09","modified_gmt":"2025-08-11T03:28:09","slug":"officiel-un-transfert-exceptionnel-est-annonce-au-psg","status":"publish","type":"post","link":"https:\/\/www.europesays.com\/fr\/310750\/","title":{"rendered":"Officiel : Un transfert \u00abexceptionnel\u00bb est annonc\u00e9 au PSG !"},"content":{"rendered":"<p>                    Arthur Montagne<br \/>\n                        &#8211;<\/p>\n<p>Journaliste<\/p>\n<p>Affam\u00e9 de sport, il a grandi au son des moteurs de Formule 1 et des exploits de Ronaldinho. Aujourd\u2019hui, diplom\u00e9 d&rsquo;un Master de journalisme de sport, il ne rate plus un Grand Prix de F1 ni un match du PSG, ses deux passions et sp\u00e9cialit\u00e9s<\/p>\n<p class=\"heading\">Apr\u00e8s de tr\u00e8s longues semaines de discussions, le PSG a finalement obtenu le transfert de Lucas Chevalier pour environ 55M\u20ac, bonus compris. Le portier du LOSC n&rsquo;a quant \u00e0 lui jamais dout\u00e9 concernant son choix de signer \u00e0 Paris. Le rempla\u00e7ant de Mike Maignan en \u00e9quipe de France s&rsquo;enflamme ainsi pour son transfert au PSG.<\/p>\n<p>C&rsquo;est d\u00e9sormais officiel, <strong>Lucas Chevalier<\/strong> est devenu le gardien de but fran\u00e7ais le plus cher de l&rsquo;histoire. Le <strong>PSG <\/strong>a effectivement d\u00e9bours\u00e9 40M\u20ac auxquels pourraient s&rsquo;ajouter 15M\u20ac de bonus. Les n\u00e9gociations avec le <strong>LOSC <\/strong>ont \u00e9t\u00e9 compliqu\u00e9es, mais elles \u00e9taient beaucoup plus simple avec le joueur qui s&rsquo;est engag\u00e9 pour cinq saisons. <strong>Lucas Chevalier<\/strong> est effectivement en plein r\u00eave.<\/p>\n<p>                                            Chevalier s&rsquo;enflamme pour son transfert au PSG<\/p>\n<p>\u00ab\u202fQuand la meilleure \u00e9quipe de l\u2019ann\u00e9e, peut-\u00eatre m\u00eame la meilleure \u00e9quipe du monde \u00e0 l\u2019heure actuelle, vous appelle, c\u2019est difficile de dire non. Il y a tout ici. C\u2019est un club qui voulait la Champions League et qui l\u2019a gagn\u00e9e la saison derni\u00e8re, parce qu\u2019il l\u2019a m\u00e9rit\u00e9e. Le staff, les conditions d\u2019entra\u00eenement, la direction&#8230; tout est au top du top. Je suis un joueur ambitieux, je sais que je peux accomplir de grandes choses. Et ici, \u00e0 Paris, en restant en France apr\u00e8s trois saisons bien men\u00e9es \u00e0 Lille, c\u2019\u00e9tait le moment. Tout \u00e9tait r\u00e9uni pour que je vienne. D\u00e8s que le Club est venu me voir, je savais que je voulais venir ici\u202f\u00bb, affirme-t-il dans une interview accord\u00e9e aux m\u00e9dias du club, avant de poursuivre.<\/p>\n<p>                                            \u00abAvoir la chance de les rejoindre, c\u2019est exceptionnel\u00bb<\/p>\n<p>\u00ab\u202fJe n\u2019ai jamais gagn\u00e9 contre Paris. Quand on venait au Parc, on tombait souvent dans des p\u00e9riodes o\u00f9 le Club \u00e9tait en grande forme. On payait l\u2019addition, en quelque sorte. Mais ce sont aussi des matchs o\u00f9 j\u2019ai pu me mettre en valeur. Mon premier match au Parc des Princes, on avait perdu 4 \u00e0 3. Ce ne sont pas les souvenirs les plus agr\u00e9ables pour un gardien, mais \u00e7a marque. L\u2019atmosph\u00e8re du Parc est unique. C\u2019est clairement la meilleure \u00e9quipe de France, et probablement d\u2019Europe. Avoir la chance de les rejoindre, c\u2019est exceptionnel\u202f\u00bb, ajoute<strong> Lucas Chevalier<\/strong>.<\/p>\n","protected":false},"excerpt":{"rendered":"Arthur Montagne &#8211; Journaliste Affam\u00e9 de sport, il a grandi au son des moteurs de Formule 1 et&hellip;\n","protected":false},"author":2,"featured_media":310751,"comment_status":"","ping_status":"","sticky":false,"template":"","format":"standard","meta":{"footnotes":""},"categories":[1412],"tags":[1451,1452,1453,1454,1455,1011,27,60],"class_list":{"0":"post-310750","1":"post","2":"type-post","3":"status-publish","4":"format-standard","5":"has-post-thumbnail","7":"category-f1","8":"tag-f1","9":"tag-formula-1","10":"tag-formula1","11":"tag-formule-1","12":"tag-formule1","13":"tag-fr","14":"tag-france","15":"tag-sports"},"share_on_mastodon":{"url":"https:\/\/pubeurope.com\/@fr\/115008012472823973","error":""},"_links":{"self":[{"href":"https:\/\/www.europesays.com\/fr\/wp-json\/wp\/v2\/posts\/310750","targetHints":{"allow":["GET"]}}],"collection":[{"href":"https:\/\/www.europesays.com\/fr\/wp-json\/wp\/v2\/posts"}],"about":[{"href":"https:\/\/www.europesays.com\/fr\/wp-json\/wp\/v2\/types\/post"}],"author":[{"embeddable":true,"href":"https:\/\/www.europesays.com\/fr\/wp-json\/wp\/v2\/users\/2"}],"replies":[{"embeddable":true,"href":"https:\/\/www.europesays.com\/fr\/wp-json\/wp\/v2\/comments?post=310750"}],"version-history":[{"count":0,"href":"https:\/\/www.europesays.com\/fr\/wp-json\/wp\/v2\/posts\/310750\/revisions"}],"wp:featuredmedia":[{"embeddable":true,"href":"https:\/\/www.europesays.com\/fr\/wp-json\/wp\/v2\/media\/310751"}],"wp:attachment":[{"href":"https:\/\/www.europesays.com\/fr\/wp-json\/wp\/v2\/media?parent=310750"}],"wp:term":[{"taxonomy":"category","embeddable":true,"href":"https:\/\/www.europesays.com\/fr\/wp-json\/wp\/v2\/categories?post=310750"},{"taxonomy":"post_tag","embeddable":true,"href":"https:\/\/www.europesays.com\/fr\/wp-json\/wp\/v2\/tags?post=310750"}],"curies":[{"name":"wp","href":"https:\/\/api.w.org\/{rel}","templated":true}]}}