{"id":310756,"date":"2025-08-11T03:31:09","date_gmt":"2025-08-11T03:31:09","guid":{"rendered":"https:\/\/www.europesays.com\/fr\/310756\/"},"modified":"2025-08-11T03:31:09","modified_gmt":"2025-08-11T03:31:09","slug":"apres-bardella-et-le-cl-du-chien-cyril-hanouna-clashe-par-un-journaliste-lechange-est-tres-tendu","status":"publish","type":"post","link":"https:\/\/www.europesays.com\/fr\/310756\/","title":{"rendered":"\u00ab\u00a0Apr\u00e8s Bardella et le c*l du chien\u00a0\u00bb : Cyril Hanouna clash\u00e9 par un journaliste, l\u2019\u00e9change est tr\u00e8s tendu"},"content":{"rendered":"<p>Samedi 9 ao\u00fbt 2025, Le Parisien Week-End a publi\u00e9 un<br \/>\narticle sur Koko. En 1978, cette c\u00e9l\u00e8bre guenon a r\u00e9v\u00e9l\u00e9 ses<br \/>\ncapacit\u00e9s hors norme au grand public. Capable de converser avec les<br \/>\n\u00eatres humains. Elle comprenait notamment 2.000 mots et ma\u00eetrisait<br \/>\n1.000 signes, comme indiqu\u00e9 dans le titre du papier. Le lendemain,<br \/>\nle journaliste Christophe Conte a relay\u00e9 cet article sur X avec le<br \/>\nmessage suivant : \u00ab\u00a0<strong>C\u2019est plus<br \/>\nqu\u2019Hanouna<\/strong>\u00ab\u00a0.<\/p>\n<p>Sans grande surprise, le c\u00e9l\u00e8bre animateur a r\u00e9pondu au<br \/>\njournaliste de Lib\u00e9ration. \u00ab\u00a0Christophe, je<br \/>\nne te connais pas comme la plupart des gens d&rsquo;ailleurs. Mais<br \/>\nregarde o\u00f9 tu es. Regarde ta vie au quotidien et regarde la mienne.<br \/>\nEt en analysant tout \u00e7a <strong>tu comprendras o\u00f9 es la vraie<br \/>\nintelligence.<\/strong> Bisou mon<br \/>\npetit\u00a0\u00bb, a ainsi \u00e9crit<br \/>\n<a href=\"https:\/\/www.closermag.fr\/people\/cyril-hanouna-a-quoi-ressemble-sa-luxueuse-maison-a-saint-tropez-3460760\" target=\"_blank\" rel=\"noopener\"><br \/>\nCyril Hanouna<\/a>.<\/p>\n<p>Le journaliste Christophe Conte ironise sur la \u00ab\u00a0le\u00e7on de vie\u00a0\u00bb<br \/>\nde Cyril Hanouna sur X<\/p>\n<p>Une r\u00e9ponse qui n&rsquo;a pas sembl\u00e9 impressionner celui qui a offici\u00e9<br \/>\nsur les antennes de France 4, France Culture, France Musique et<br \/>\nFrance Inter au cours de sa carri\u00e8re. <strong>Christophe Conte a<br \/>\nainsi relay\u00e9 le message de Cyril Hanouna<\/strong> avec la l\u00e9gende<br \/>\nsuivante :\u00a0\u00ab\u00a0Une le\u00e7on de vie\u00a0\u00bb. Quelques mots<br \/>\nclairement ironiques de la part de l&rsquo;ancien journaliste des<br \/>\nInrockuptibles.<\/p>\n<p>De plus, Christophe Conte s&rsquo;est directement adress\u00e9 \u00e0 Cyril<br \/>\nHanouna en lui r\u00e9pondant \u00e0 son tour : \u00ab\u00a0Ok Umberto Eco.<br \/>\n<strong>En revanche garde tes bisous.<\/strong>\u00a0Je passe pas<br \/>\napr\u00e8s <a href=\"https:\/\/www.closermag.fr\/politique\/jordan-bardella-cette-addiction-qui-pourrait-lui-faire-tres-mal-aux-dents-3569493\" target=\"_blank\" rel=\"noopener\"><br \/>\nBardella<\/a> et le cul du chien\u00a0\u00bb. Le journaliste faisait bien<br \/>\n\u00e9videmment r\u00e9f\u00e9rence \u00e0 la fameuse s\u00e9quence d&rsquo;une ancienne \u00e9mission<br \/>\ndurant laquelle l&rsquo;animateur avait litt\u00e9ralement embrass\u00e9 le cul<br \/>\nd&rsquo;un chien \u00e0 l&rsquo;antenne.<\/p>\n<blockquote class=\"twitter-tweet\"><p><a class=\"twitter-link\" rel=\"noindex, nofollow noopener\" href=\"https:\/\/twitter.com\/christopheconte\/status\/1954188633629430040\" target=\"_blank\"><\/p><\/blockquote>\n<p>L&rsquo;ancien animateur vedette de C8 sera<br \/>\npr\u00e9sent sur les antennes de W9 et Fun Radio \u00e0 la rentr\u00e9e<\/p>\n<p>Pour rappel, Cyril Hanouna a r\u00e9cemment pris quelques jours de<br \/>\nvacances <a href=\"https:\/\/www.closermag.fr\/people\/cyril-hanouna-a-quoi-ressemble-sa-luxueuse-maison-a-saint-tropez-3460760\" target=\"_blank\" rel=\"noopener\"><br \/>\ndans le sud de la France<\/a> en famille. Il a ensuite regagn\u00e9<br \/>\nParis, <strong>afin de travailler sur ses nouvelles<br \/>\n\u00e9missions<\/strong>. Apr\u00e8s avoir pr\u00e9sent\u00e9 Touche pas \u00e0 mon poste sur<br \/>\nC8 durant 13 longues ann\u00e9es. L&rsquo;animateur a finalement choisi de<br \/>\nquitter le groupe Canal+. Suite \u00e0 la disparition d\u00e9finitive de la<br \/>\ncha\u00eene sur laquelle il officiait quotidiennement depuis 2012 le<br \/>\nvendredi 28 f\u00e9vrier 2025.<\/p>\n<p>\u00c0 partir du lundi 1er septembre 2025, <strong>Cyril Hanouna<br \/>\npr\u00e9sentera deux nouvelles \u00e9missions quotidiennes<\/strong> sur les<br \/>\nantennes du groupe M6. Il sera d&rsquo;abord aux commandes de <a href=\"https:\/\/www.telestar.fr\/people\/tout-beau-tout-fun-cyril-hanouna-devoile-deja-le-plateau-de-son-emission-de-radio-et-cest-tres-special-1734426\" target=\"_blank\" rel=\"noopener\"><br \/>\nTout beau tout Fun<\/a> sur l&rsquo;antenne de Fun Radio entre 15h et 18h.<br \/>\nL&rsquo;animateur incarnera ensuite le programme intitul\u00e9 <a href=\"https:\/\/www.closermag.fr\/people\/cyril-hanouna-on-en-sait-plus-sur-ses-chroniqueurs-chez-w9-et-il-y-a-du-changement-3569001\" target=\"_blank\" rel=\"noopener\"><br \/>\nTout beau tout Neuf<\/a> sur l&rsquo;antenne de W9 entre 18h45 et<br \/>\n21h05.<\/p>\n<p><script async src=\"https:\/\/platform.twitter.com\/widgets.js\" charset=\"utf-8\"><\/script><\/p>\n","protected":false},"excerpt":{"rendered":"Samedi 9 ao\u00fbt 2025, Le Parisien Week-End a publi\u00e9 un article sur Koko. En 1978, cette c\u00e9l\u00e8bre guenon&hellip;\n","protected":false},"author":2,"featured_media":310757,"comment_status":"","ping_status":"","sticky":false,"template":"","format":"standard","meta":{"footnotes":""},"categories":[1359],"tags":[548,1083,58,59,1011,27,973],"class_list":{"0":"post-310756","1":"post","2":"type-post","3":"status-publish","4":"format-standard","5":"has-post-thumbnail","7":"category-people","8":"tag-article-simple","9":"tag-cyril-hanouna","10":"tag-divertissement","11":"tag-entertainment","12":"tag-fr","13":"tag-france","14":"tag-people"},"share_on_mastodon":{"url":"https:\/\/pubeurope.com\/@fr\/115008024271084853","error":""},"_links":{"self":[{"href":"https:\/\/www.europesays.com\/fr\/wp-json\/wp\/v2\/posts\/310756","targetHints":{"allow":["GET"]}}],"collection":[{"href":"https:\/\/www.europesays.com\/fr\/wp-json\/wp\/v2\/posts"}],"about":[{"href":"https:\/\/www.europesays.com\/fr\/wp-json\/wp\/v2\/types\/post"}],"author":[{"embeddable":true,"href":"https:\/\/www.europesays.com\/fr\/wp-json\/wp\/v2\/users\/2"}],"replies":[{"embeddable":true,"href":"https:\/\/www.europesays.com\/fr\/wp-json\/wp\/v2\/comments?post=310756"}],"version-history":[{"count":0,"href":"https:\/\/www.europesays.com\/fr\/wp-json\/wp\/v2\/posts\/310756\/revisions"}],"wp:featuredmedia":[{"embeddable":true,"href":"https:\/\/www.europesays.com\/fr\/wp-json\/wp\/v2\/media\/310757"}],"wp:attachment":[{"href":"https:\/\/www.europesays.com\/fr\/wp-json\/wp\/v2\/media?parent=310756"}],"wp:term":[{"taxonomy":"category","embeddable":true,"href":"https:\/\/www.europesays.com\/fr\/wp-json\/wp\/v2\/categories?post=310756"},{"taxonomy":"post_tag","embeddable":true,"href":"https:\/\/www.europesays.com\/fr\/wp-json\/wp\/v2\/tags?post=310756"}],"curies":[{"name":"wp","href":"https:\/\/api.w.org\/{rel}","templated":true}]}}