{"id":310758,"date":"2025-08-11T03:33:10","date_gmt":"2025-08-11T03:33:10","guid":{"rendered":"https:\/\/www.europesays.com\/fr\/310758\/"},"modified":"2025-08-11T03:33:10","modified_gmt":"2025-08-11T03:33:10","slug":"la-ville-consulte-pour-le-lieu-des-nouvelles-boites-a-livres","status":"publish","type":"post","link":"https:\/\/www.europesays.com\/fr\/310758\/","title":{"rendered":"La Ville consulte pour le lieu des nouvelles bo\u00eetes \u00e0 livres"},"content":{"rendered":"<p>Cet \u00e9t\u00e9, des riverains du Grand Parc Laporte ont exprim\u00e9 leur souhait que la Ville installe une bo\u00eete \u00e0 livres dans le parc. Les bo\u00eetes \u00e0 livres sont des espaces propices \u00e0 l\u2019ouverture d\u2019esprit et \u00e0 l\u2019\u00e9change. On y d\u00e9pose les livres que l\u2019on ne souhaite pas garder dans sa biblioth\u00e8que et que l\u2019on veut mettre \u00e0 la disposition de ses voisins ou des passants. C\u2019est aussi une fa\u00e7on pour les habitants de d\u00e9couvrir gratuitement des livres qu\u2019ils n\u2019auraient pas eu l\u2019id\u00e9e de se procurer. On en prend, on en parle aussi entre voisins, ce qui favorise la convivialit\u00e9 et le lien social.<\/p>\n<p>    <b>Un r\u00e9seau qui s\u2019agrandit<\/b><\/p>\n<p>Cinq bo\u00eetes \u00e0 livres ont \u00e9t\u00e9 install\u00e9es ces derni\u00e8res ann\u00e9es par les services de la Ville au niveau des Maisons des proximit\u00e9s Mas de Rochet, Eur\u00eaka et Caylus, de l\u2019\u00e9cole maternelle Madiba et du jardin partag\u00e9 du Devois.<\/p>\n<p>Depuis le 8 ao\u00fbt et jusqu\u2019au 19 septembre, la Ville de Castelnau-le-Lez lance un sondage o\u00f9 les habitantes et les habitants sont invit\u00e9s \u00e0 proposer des emplacements pour cinq nouvelles bo\u00eetes \u00e0 livres sur la commune.<\/p>\n<p>Les emplacements propos\u00e9s pour la mise en place de ces bo\u00eetes \u00e0 livres seront de pr\u00e9f\u00e9rence des endroits fr\u00e9quent\u00e9s, \u00e0 proximit\u00e9 de commerces, de structures publiques, d\u2019\u00e9coles, de lieux de promenade\u2026 Seule contrainte : la bo\u00eete devra \u00eatre situ\u00e9e sur le domaine public, visible \u00e0 pied et ne devra pas se trouver \u00e0 proximit\u00e9 imm\u00e9diate d\u2019une biblioth\u00e8que ou d\u2019une librairie. Elles seront install\u00e9es par les services de la Ville en 2026.<\/p>\n<p>Donnez votre avis sur : <a href=\"http:\/\/www.castelnau-le-lez.fr\/\" target=\"_blank\" rel=\"nofollow noopener\">www.castelnau-le-lez.fr\/<\/a> participation-citoyenne\/boites-a-livres-emplacements<\/p>\n<p>Correspondant Midi Libre : 06 62 21 67 37<\/p>\n","protected":false},"excerpt":{"rendered":"Cet \u00e9t\u00e9, des riverains du Grand Parc Laporte ont exprim\u00e9 leur souhait que la Ville installe une bo\u00eete&hellip;\n","protected":false},"author":2,"featured_media":310759,"comment_status":"","ping_status":"","sticky":false,"template":"","format":"standard","meta":{"footnotes":""},"categories":[1357],"tags":[1379,58,59,1011,27,1380],"class_list":{"0":"post-310758","1":"post","2":"type-post","3":"status-publish","4":"format-standard","5":"has-post-thumbnail","7":"category-livres","8":"tag-books","9":"tag-divertissement","10":"tag-entertainment","11":"tag-fr","12":"tag-france","13":"tag-livres"},"share_on_mastodon":{"url":"https:\/\/pubeurope.com\/@fr\/115008032212415773","error":""},"_links":{"self":[{"href":"https:\/\/www.europesays.com\/fr\/wp-json\/wp\/v2\/posts\/310758","targetHints":{"allow":["GET"]}}],"collection":[{"href":"https:\/\/www.europesays.com\/fr\/wp-json\/wp\/v2\/posts"}],"about":[{"href":"https:\/\/www.europesays.com\/fr\/wp-json\/wp\/v2\/types\/post"}],"author":[{"embeddable":true,"href":"https:\/\/www.europesays.com\/fr\/wp-json\/wp\/v2\/users\/2"}],"replies":[{"embeddable":true,"href":"https:\/\/www.europesays.com\/fr\/wp-json\/wp\/v2\/comments?post=310758"}],"version-history":[{"count":0,"href":"https:\/\/www.europesays.com\/fr\/wp-json\/wp\/v2\/posts\/310758\/revisions"}],"wp:featuredmedia":[{"embeddable":true,"href":"https:\/\/www.europesays.com\/fr\/wp-json\/wp\/v2\/media\/310759"}],"wp:attachment":[{"href":"https:\/\/www.europesays.com\/fr\/wp-json\/wp\/v2\/media?parent=310758"}],"wp:term":[{"taxonomy":"category","embeddable":true,"href":"https:\/\/www.europesays.com\/fr\/wp-json\/wp\/v2\/categories?post=310758"},{"taxonomy":"post_tag","embeddable":true,"href":"https:\/\/www.europesays.com\/fr\/wp-json\/wp\/v2\/tags?post=310758"}],"curies":[{"name":"wp","href":"https:\/\/api.w.org\/{rel}","templated":true}]}}