{"id":310762,"date":"2025-08-11T03:35:14","date_gmt":"2025-08-11T03:35:14","guid":{"rendered":"https:\/\/www.europesays.com\/fr\/310762\/"},"modified":"2025-08-11T03:35:14","modified_gmt":"2025-08-11T03:35:14","slug":"la-video-integrale-dun-concert-explosif-enfin-disponible","status":"publish","type":"post","link":"https:\/\/www.europesays.com\/fr\/310762\/","title":{"rendered":"la vid\u00e9o int\u00e9grale d\u2019un concert explosif enfin disponible"},"content":{"rendered":"<p><strong>Les images professionnelles du concert de <a href=\"https:\/\/www.metalzone.fr\/stone-sour\/\" rel=\"nofollow noopener\" target=\"_blank\">Stone Sour<\/a> au Pinkpop 2007 viennent d\u2019\u00eatre mises en ligne, offrant aux fans une plong\u00e9e dans l\u2019une des prestations marquantes du groupe au sommet de sa carri\u00e8re.<\/strong><\/p>\n<p>Un set \u00e9nergique d\u00e9sormais disponible en ligne<\/p>\n<p>Une captation vid\u00e9o de haute qualit\u00e9 du passage de Stone Sour au festival Pinkpop 2007, \u00e0 Landgraaf (Pays-Bas), est d\u00e9sormais accessible sur Internet. Ce concert, film\u00e9 le 28 mai 2007, voit la formation emmen\u00e9e par <a href=\"https:\/\/www.metalzone.fr\/corey-taylor\/\" rel=\"nofollow noopener\" target=\"_blank\">Corey Taylor<\/a> livrer un set \u00e9nergique, marqu\u00e9 par la pr\u00e9sence de Jim Root \u00e0 la guitare, \u00e9galement membre de <a href=\"https:\/\/www.metalzone.fr\/slipknot\/\" rel=\"nofollow noopener\" target=\"_blank\">Slipknot<\/a>. Les spectateurs attentifs remarqueront m\u00eame quelques figures famili\u00e8res de l\u2019\u00e8re classique de Slipknot en coulisses.<\/p>\n<p>Le groupe, alors en pleine ascension, avait interpr\u00e9t\u00e9 les titres suivants :<\/p>\n<ol>\n<li>30\/30-150<\/li>\n<li>Come What(ever) May<\/li>\n<li>Made Of Scars<\/li>\n<li>Reborn<\/li>\n<li>Inhale<\/li>\n<li>Your God<\/li>\n<li>Monolith<\/li>\n<li>Through Glass<\/li>\n<li>Blotter<\/li>\n<li>Hell &amp; Consequences<\/li>\n<li>Get Inside<\/li>\n<\/ol>\n<p>Un groupe toujours en pause<\/p>\n<p>Stone Sour n\u2019a plus donn\u00e9 de concert depuis 2018 et reste en pause pour une dur\u00e9e ind\u00e9termin\u00e9e, une situation que Corey Taylor a attribu\u00e9e \u00e0 des \u201cdiff\u00e9rences irr\u00e9conciliables avec certaines personnes\u201d, comme il l\u2019expliquait <a href=\"https:\/\/www.metalzone.fr\/news\/197220-corey-taylor-inactivite-stone-sour-differences-irreconciliables\/\" target=\"_blank\" rel=\"noopener nofollow\">dans cet article<\/a>. Le chanteur s\u2019est depuis concentr\u00e9 sur Slipknot et sa carri\u00e8re solo, tandis que d\u2019anciens membres, comme Josh Rand, ont \u00e9voqu\u00e9 publiquement leurs d\u00e9fis personnels et leur volont\u00e9 de mettre en avant la sant\u00e9 mentale, un sujet qu\u2019il abordait <a href=\"https:\/\/www.metalzone.fr\/news\/195463-josh-rand-stone-sour-spirale-infernale\/\" target=\"_blank\" rel=\"noopener nofollow\">ici<\/a>.<\/p>\n<p>Pour les fans, cette vid\u00e9o du Pinkpop 2007 constitue un pr\u00e9cieux t\u00e9moignage d\u2019une \u00e9poque o\u00f9 le groupe \u00e9tait au sommet de sa puissance sc\u00e9nique.<\/p><\/p>\n","protected":false},"excerpt":{"rendered":"Les images professionnelles du concert de Stone Sour au Pinkpop 2007 viennent d\u2019\u00eatre mises en ligne, offrant aux&hellip;\n","protected":false},"author":2,"featured_media":310763,"comment_status":"","ping_status":"","sticky":false,"template":"","format":"standard","meta":{"footnotes":""},"categories":[1355],"tags":[58,59,1011,27,1361,873],"class_list":{"0":"post-310762","1":"post","2":"type-post","3":"status-publish","4":"format-standard","5":"has-post-thumbnail","7":"category-musique","8":"tag-divertissement","9":"tag-entertainment","10":"tag-fr","11":"tag-france","12":"tag-music","13":"tag-musique"},"share_on_mastodon":{"url":"https:\/\/pubeurope.com\/@fr\/115008040089495574","error":""},"_links":{"self":[{"href":"https:\/\/www.europesays.com\/fr\/wp-json\/wp\/v2\/posts\/310762","targetHints":{"allow":["GET"]}}],"collection":[{"href":"https:\/\/www.europesays.com\/fr\/wp-json\/wp\/v2\/posts"}],"about":[{"href":"https:\/\/www.europesays.com\/fr\/wp-json\/wp\/v2\/types\/post"}],"author":[{"embeddable":true,"href":"https:\/\/www.europesays.com\/fr\/wp-json\/wp\/v2\/users\/2"}],"replies":[{"embeddable":true,"href":"https:\/\/www.europesays.com\/fr\/wp-json\/wp\/v2\/comments?post=310762"}],"version-history":[{"count":0,"href":"https:\/\/www.europesays.com\/fr\/wp-json\/wp\/v2\/posts\/310762\/revisions"}],"wp:featuredmedia":[{"embeddable":true,"href":"https:\/\/www.europesays.com\/fr\/wp-json\/wp\/v2\/media\/310763"}],"wp:attachment":[{"href":"https:\/\/www.europesays.com\/fr\/wp-json\/wp\/v2\/media?parent=310762"}],"wp:term":[{"taxonomy":"category","embeddable":true,"href":"https:\/\/www.europesays.com\/fr\/wp-json\/wp\/v2\/categories?post=310762"},{"taxonomy":"post_tag","embeddable":true,"href":"https:\/\/www.europesays.com\/fr\/wp-json\/wp\/v2\/tags?post=310762"}],"curies":[{"name":"wp","href":"https:\/\/api.w.org\/{rel}","templated":true}]}}