{"id":310774,"date":"2025-08-11T03:42:10","date_gmt":"2025-08-11T03:42:10","guid":{"rendered":"https:\/\/www.europesays.com\/fr\/310774\/"},"modified":"2025-08-11T03:42:10","modified_gmt":"2025-08-11T03:42:10","slug":"laustralie-va-reconnaitre-letat-de-palestine-a-loccasion-de-lassemblee-generale-de-lonu-en-septembre","status":"publish","type":"post","link":"https:\/\/www.europesays.com\/fr\/310774\/","title":{"rendered":"l\u2019Australie va reconna\u00eetre l\u2019Etat de Palestine \u00e0 l\u2019occasion de l\u2019Assembl\u00e9e g\u00e9n\u00e9rale de l\u2019ONU en septembre"},"content":{"rendered":"<br \/>\n<blockquote class=\"post__live-container--comment-blockquote\"><p>Bonsoir,&#13;<br \/>\nPouvons-nous en savoir plus sur la r\u00e9union du conseil de s\u00e9curit\u00e9 de l&rsquo;ONU?<\/p><\/blockquote>\n<p>    Samantha                        <\/p>\n<p class=\"post__live-container--answer-text post__space-node\">La r\u00e9union d\u2019urgence\u00a0des membres du Conseil de s\u00e9curit\u00e9 contre le plan isra\u00e9lien de contr\u00f4le de la bande de Gaza, convoqu\u00e9e dimanche matin au si\u00e8ge des Nations unies \u00e0 New\u00a0York \u00e0 l\u2019initiative de plusieurs pays europ\u00e9ens (Royaume-Uni, Danemark, Gr\u00e8ce, France et Slov\u00e9nie), s\u2019est achev\u00e9e sans projet de r\u00e9solution.<\/p>\n<p class=\"post__live-container--answer-text post__space-node\">Ind\u00e9fectibles alli\u00e9s d\u2019Isra\u00ebl, les Etats-Unis, membre permanent du Conseil de s\u00e9curit\u00e9 dot\u00e9 d\u2019un droit de veto, ont accus\u00e9 les nations ayant appel\u00e9 \u00e0 cette r\u00e9union de \u00ab\u00a0prolonger activement la guerre en r\u00e9pandant des mensonges sur Isra\u00ebl\u00a0\u00bb. \u00ab\u00a0Isra\u00ebl a le droit de d\u00e9cider ce qui est n\u00e9cessaire pour sa s\u00e9curit\u00e9 et quelles mesures sont appropri\u00e9es pour mettre fin \u00e0 la menace pos\u00e9e par le Hamas\u00a0\u00bb, a d\u00e9clar\u00e9 Dorothy Shea, envoy\u00e9e am\u00e9ricaine aupr\u00e8s de l\u2019ONU. \u00ab\u00a0La pression ne devrait pas \u00eatre mise sur Isra\u00ebl, qui a souffert de la plus terrible attaque contre le peuple juif depuis l\u2019Holocauste, mais sur le Hamas\u00a0\u00bb, a jug\u00e9 pour sa part le vice-ambassadeur isra\u00e9lien \u00e0 l\u2019ONU, Jonathan Miller.<\/p>\n<p class=\"post__live-container--answer-text post__space-node\">A l\u2019ext\u00e9rieur du si\u00e8ge des Nations unies \u00e0 New York, des manifestants s\u2019\u00e9taient rassembl\u00e9s pour r\u00e9clamer la fin du conflit, encadr\u00e9s par un important dispositif de police.<\/p>\n","protected":false},"excerpt":{"rendered":"Bonsoir,&#13; Pouvons-nous en savoir plus sur la r\u00e9union du conseil de s\u00e9curit\u00e9 de l&rsquo;ONU? Samantha La r\u00e9union d\u2019urgence\u00a0des&hellip;\n","protected":false},"author":2,"featured_media":310775,"comment_status":"","ping_status":"","sticky":false,"template":"","format":"standard","meta":{"footnotes":""},"categories":[5],"tags":[11,1011,27,14,12,28],"class_list":{"0":"post-310774","1":"post","2":"type-post","3":"status-publish","4":"format-standard","5":"has-post-thumbnail","7":"category-international","8":"tag-actualites","9":"tag-fr","10":"tag-france","11":"tag-international","12":"tag-news","13":"tag-world"},"share_on_mastodon":{"url":"https:\/\/pubeurope.com\/@fr\/115008067583025494","error":""},"_links":{"self":[{"href":"https:\/\/www.europesays.com\/fr\/wp-json\/wp\/v2\/posts\/310774","targetHints":{"allow":["GET"]}}],"collection":[{"href":"https:\/\/www.europesays.com\/fr\/wp-json\/wp\/v2\/posts"}],"about":[{"href":"https:\/\/www.europesays.com\/fr\/wp-json\/wp\/v2\/types\/post"}],"author":[{"embeddable":true,"href":"https:\/\/www.europesays.com\/fr\/wp-json\/wp\/v2\/users\/2"}],"replies":[{"embeddable":true,"href":"https:\/\/www.europesays.com\/fr\/wp-json\/wp\/v2\/comments?post=310774"}],"version-history":[{"count":0,"href":"https:\/\/www.europesays.com\/fr\/wp-json\/wp\/v2\/posts\/310774\/revisions"}],"wp:featuredmedia":[{"embeddable":true,"href":"https:\/\/www.europesays.com\/fr\/wp-json\/wp\/v2\/media\/310775"}],"wp:attachment":[{"href":"https:\/\/www.europesays.com\/fr\/wp-json\/wp\/v2\/media?parent=310774"}],"wp:term":[{"taxonomy":"category","embeddable":true,"href":"https:\/\/www.europesays.com\/fr\/wp-json\/wp\/v2\/categories?post=310774"},{"taxonomy":"post_tag","embeddable":true,"href":"https:\/\/www.europesays.com\/fr\/wp-json\/wp\/v2\/tags?post=310774"}],"curies":[{"name":"wp","href":"https:\/\/api.w.org\/{rel}","templated":true}]}}