{"id":310776,"date":"2025-08-11T03:43:13","date_gmt":"2025-08-11T03:43:13","guid":{"rendered":"https:\/\/www.europesays.com\/fr\/310776\/"},"modified":"2025-08-11T03:43:13","modified_gmt":"2025-08-11T03:43:13","slug":"pres-de-saint-malo-le-meurtre-dune-femme-tuee-par-son-ex-conjoint-interpelle-les-habitants-de-la-commune-ca-aurait-pu-etre-evite","status":"publish","type":"post","link":"https:\/\/www.europesays.com\/fr\/310776\/","title":{"rendered":"Pr\u00e8s de Saint-Malo, le meurtre d\u2019une femme tu\u00e9e par son ex-conjoint interpelle les habitants de la commune\u00a0: \u00ab\u00a0\u00c7a aurait pu \u00eatre \u00e9vit\u00e9\u00a0\u00bb"},"content":{"rendered":"<p>Dans le bourg de cette ville d\u2019environ 2 800 \u00e2mes, le lendemain du drame, quelques passants ignorent encore ce qui s\u2019est jou\u00e9 \u00e0 quelques m\u00e8tres de la mairie. \u00ab Je n\u2019\u00e9tais pas du tout au courant \u00bb, confie un habitant. D\u2019un autre c\u00f4t\u00e9, \u00e0 la sortie de certains commerces ouverts ce dimanche matin, les langues se d\u00e9lient pour faire preuve d\u2019un certain d\u00e9sarroi. Dans la boulangerie, les clients vont et viennent. \u00ab Certains nous parlent et se demandent comment \u00e7a a pu se produire \u00bb, s\u2019interroge No\u00e9mie, la boulang\u00e8re.<\/p>\n<p>La commer\u00e7ante a appris t\u00f4t le samedi ce qu\u2019il s\u2019\u00e9tait pass\u00e9. Elle accuse encore un peu le coup, car les deux filles de la victime ont r\u00e9alis\u00e9 un stage dans sa boutique. \u00ab Nos salari\u00e9s arrivent t\u00f4t. Ils ont vu qu\u2019ils ne pouvaient pas passer dans la rue et nous l\u2019on dit directement. Puis ; on a appris. On voyait la femme passer avec ses enfants dans la rue. \u00bb<\/p>\n<p>En revenant d\u2019un festival<\/p>\n<p>\u00c9lodie est une voisine de la victime. \u00ab J\u2019habite juste en face. On rentrait d\u2019un festival et on a vu le drap blanc \u00e9tendu sur le sol. Les gendarmes bloquaient la route et tout le quartier. On pensait \u00e0 un accident de voiture au d\u00e9part. \u00bb<\/p>\n<p>Les faits de la nuit restent grav\u00e9s dans sa t\u00eate. \u00ab On n\u2019arr\u00eate pas d\u2019y penser. Une femme qui perd la vie \u00e0 cette \u00e9poque, \u00e7a n\u2019est pas possible. On ne comprend pas. \u00bb \u00c9lodie voyait de temps en temps \u00ab les enfants promener le chien \u00bb de la famille. \u00ab Que vont devenir les filles ? \u00bb.<\/p>\n<p>En col\u00e8re et r\u00e9volte<\/p>\n<p>\u00c9ric tient en laisse son petit chien sur le parvis de l\u2019\u00e9glise. Il n\u2019est pas habitant de la commune, mais pour autant il ne d\u00e9col\u00e8re pas. \u00ab C\u2019est \u00e9c\u0153urant. Il se passe beaucoup trop de choses comme \u00e7a en France \u00bb, juge le vieil homme. \u00c0 quelques m\u00e8tres, une passante ne comprend pas non plus : \u00ab Il y a eu une plainte le matin. Pourquoi rien n\u2019a \u00e9t\u00e9 fait ? \u00c7a aurait pu \u00eatre \u00e9vit\u00e9. \u00bb<\/p>\n<p><img decoding=\"async\" src=\"https:\/\/www.europesays.com\/fr\/wp-content\/uploads\/2025\/08\/6898c99a4516b7b6fb00df24.1.jpeg\" width=\"480\" height=\"300\" class=\"web_golden_m\" loading=\"lazy\" alt=\"Un banc a \u00e9t\u00e9 install\u00e9 en mars dernier sur le parvis de la mairie.\"\/>Un banc a \u00e9t\u00e9 install\u00e9 en mars dernier sur le parvis de la mairie. (Le T\u00e9l\u00e9gramme\/Jean-Fran\u00e7ois Chesnay)<\/p>\n<p>Crois\u00e9e non loin de l\u2019\u00e9glise, Sylvie estime, elle, que \u00ab ce genre d\u2019acte n\u2019a pas de justification. Je suis atterr\u00e9 et compl\u00e8tement boulevers\u00e9e par cette violence \u00bb. Elle signale la pr\u00e9sence d\u2019un banc rouge, install\u00e9 en mars dernier sur le parvis de la mairie. Cette pr\u00e9sence fait bizarrement \u00e9cho \u00e0 l\u2019acte de violence qui s\u2019est d\u00e9roul\u00e9 quelques heures plus t\u00f4t. \u00ab C\u2019est un banc en m\u00e9moire des femmes victimes de violences. Ce qui s\u2019est pass\u00e9 montre que nous avons encore du travail. \u00bb<\/p>\n","protected":false},"excerpt":{"rendered":"Dans le bourg de cette ville d\u2019environ 2 800 \u00e2mes, le lendemain du drame, quelques passants ignorent encore&hellip;\n","protected":false},"author":2,"featured_media":310777,"comment_status":"","ping_status":"","sticky":false,"template":"","format":"standard","meta":{"footnotes":""},"categories":[4],"tags":[11,3383,1011,27,848,12,584,25,3728],"class_list":{"0":"post-310776","1":"post","2":"type-post","3":"status-publish","4":"format-standard","5":"has-post-thumbnail","7":"category-france","8":"tag-actualites","9":"tag-faits-divers-a-rennes","10":"tag-fr","11":"tag-france","12":"tag-ille-et-vilaine","13":"tag-news","14":"tag-rennes","15":"tag-republique-francaise","16":"tag-saint-malo"},"share_on_mastodon":{"url":"https:\/\/pubeurope.com\/@fr\/115008071678453858","error":""},"_links":{"self":[{"href":"https:\/\/www.europesays.com\/fr\/wp-json\/wp\/v2\/posts\/310776","targetHints":{"allow":["GET"]}}],"collection":[{"href":"https:\/\/www.europesays.com\/fr\/wp-json\/wp\/v2\/posts"}],"about":[{"href":"https:\/\/www.europesays.com\/fr\/wp-json\/wp\/v2\/types\/post"}],"author":[{"embeddable":true,"href":"https:\/\/www.europesays.com\/fr\/wp-json\/wp\/v2\/users\/2"}],"replies":[{"embeddable":true,"href":"https:\/\/www.europesays.com\/fr\/wp-json\/wp\/v2\/comments?post=310776"}],"version-history":[{"count":0,"href":"https:\/\/www.europesays.com\/fr\/wp-json\/wp\/v2\/posts\/310776\/revisions"}],"wp:featuredmedia":[{"embeddable":true,"href":"https:\/\/www.europesays.com\/fr\/wp-json\/wp\/v2\/media\/310777"}],"wp:attachment":[{"href":"https:\/\/www.europesays.com\/fr\/wp-json\/wp\/v2\/media?parent=310776"}],"wp:term":[{"taxonomy":"category","embeddable":true,"href":"https:\/\/www.europesays.com\/fr\/wp-json\/wp\/v2\/categories?post=310776"},{"taxonomy":"post_tag","embeddable":true,"href":"https:\/\/www.europesays.com\/fr\/wp-json\/wp\/v2\/tags?post=310776"}],"curies":[{"name":"wp","href":"https:\/\/api.w.org\/{rel}","templated":true}]}}