{"id":310778,"date":"2025-08-11T03:44:15","date_gmt":"2025-08-11T03:44:15","guid":{"rendered":"https:\/\/www.europesays.com\/fr\/310778\/"},"modified":"2025-08-11T03:44:15","modified_gmt":"2025-08-11T03:44:15","slug":"5-departements-doccitanie-dont-la-haute-garonne-vont-passer-en-alerte-rouge","status":"publish","type":"post","link":"https:\/\/www.europesays.com\/fr\/310778\/","title":{"rendered":"5 d\u00e9partements d&rsquo;Occitanie, dont la Haute-Garonne, vont passer en alerte rouge"},"content":{"rendered":"<p>            Par<br \/>\n        <strong><br \/>\n            <a href=\"https:\/\/actu.fr\/auteur\/anaelle-montagne\" title=\"Consulter tous les articles de Anaelle Montagne\" rel=\"nofollow noopener\" target=\"_blank\">Anaelle Montagne<\/a><br \/>\n        <\/strong><\/p>\n<p>        Publi\u00e9 le<\/p>\n<p>            10 ao\u00fbt 2025 \u00e0 17h35        <\/p>\n<p>Alors que toute l\u2019Occitanie \u00e9tait en vigilance orange canicule le week-end des 9 et 10 ao\u00fbt, cinq d\u00e9partements de la r\u00e9gion <strong>vont passer en alerte rouge<\/strong>, ce lundi 11 ao\u00fbt. Il s\u2019agit de la <a href=\"https:\/\/actu.fr\/occitanie\/haute-garonne_31\" rel=\"nofollow noopener\" target=\"_blank\">Haute-Garonne<\/a>, du Lot, du Gers, du Tarn et du Tarn-et-Garonne.<\/p>\n<p class=\" wall-content\">En France, au total, 12 d\u00e9partements seront concern\u00e9s par la vigilance rouge, incluant le <a href=\"https:\/\/actu.fr\/meteo\/des-temperatures-extremes-attendues-ce-lundi-le-lot-et-garonne-place-en-vigilance-rouge-canicule_63020073.html\" rel=\"nofollow noopener\" target=\"_blank\">Lot-et-Garonne<\/a>, la Gironde, les Landes, la Dordogne, la Charente et la Charente-Maritime. 41 autres d\u00e9partements seront plac\u00e9s en vigilance orange, dont tous les autres d\u00e9partements d\u2019Occitanie qui ne sont pas sous alerte rouge.<\/p>\n<p>43 degr\u00e9s attendus<\/p>\n<p class=\" wall-content\">La vigilance rouge<strong> commencera \u00e0 midi<\/strong>, le 11 ao\u00fbt et s\u2019\u00e9tend jusqu\u2019\u00e0 minuit au moins, indique M\u00e9t\u00e9o France. Les temp\u00e9ratures maximales dans les d\u00e9partements concern\u00e9s pourraient atteindre les 43 degr\u00e9s.<\/p>\n<p class=\" wall-content\">\u00ab\u00a0Dans la nuit de dimanche \u00e0 lundi, les temp\u00e9ratures resteront \u00e9lev\u00e9es avec 20 \u00e0 23\u00b0C. Le pic de chaleur est attendu lundi apr\u00e8s-midi avec des temp\u00e9ratures maximales comprises entre 40\u00b0 et 43\u00b0C\u00a0\u00bb, d\u00e9taille la pr\u00e9fecture.<\/p>\n<p>Canicule extr\u00eame<\/p>\n<p class=\" wall-content\">M\u00e9t\u00e9o France rappelle : \u00ab\u00a0Le niveau de vigilance rouge correspond \u00e0<strong> une canicule extr\u00eame<\/strong>, exceptionnelle par sa dur\u00e9e, son intensit\u00e9, son extension g\u00e9ographique, et pr\u00e9sente un fort impact sanitaire pour l\u2019ensemble de la population et des impacts soci\u00e9taux (s\u00e9cheresse, approvisionnement en eau potable, am\u00e9nagement ou arr\u00eat de certaines activit\u00e9s, etc).\u00a0\u00bb<\/p>\n<p class=\" wall-content\">Suivez toute l\u2019actualit\u00e9 de vos villes et m\u00e9dias favoris en vous inscrivant \u00e0 <a href=\"https:\/\/moncompte.actu.fr\" title=\"D\u00e9couvez Mon Actu\" rel=\"nofollow noopener\" data-trk=\"{&quot;cta&quot;:{&quot;action&quot;:&quot;https:\\\/\\\/moncompte.actu.fr&quot;,&quot;category&quot;:&quot;mon compte&quot;,&quot;from&quot;:&quot;article footer&quot;,&quot;name&quot;:&quot;Mon actu&quot;,&quot;type&quot;:&quot;cta&quot;}}\" target=\"_blank\">Mon Actu<\/a>.<\/p>\n","protected":false},"excerpt":{"rendered":"Par Anaelle Montagne Publi\u00e9 le 10 ao\u00fbt 2025 \u00e0 17h35 Alors que toute l\u2019Occitanie \u00e9tait en vigilance orange&hellip;\n","protected":false},"author":2,"featured_media":305695,"comment_status":"","ping_status":"","sticky":false,"template":"","format":"standard","meta":{"footnotes":""},"categories":[2],"tags":[11,1011,27,2487,12],"class_list":{"0":"post-310778","1":"post","2":"type-post","3":"status-publish","4":"format-standard","5":"has-post-thumbnail","7":"category-actualites","8":"tag-actualites","9":"tag-fr","10":"tag-france","11":"tag-meteo","12":"tag-news"},"share_on_mastodon":{"url":"https:\/\/pubeurope.com\/@fr\/115008075481311640","error":""},"_links":{"self":[{"href":"https:\/\/www.europesays.com\/fr\/wp-json\/wp\/v2\/posts\/310778","targetHints":{"allow":["GET"]}}],"collection":[{"href":"https:\/\/www.europesays.com\/fr\/wp-json\/wp\/v2\/posts"}],"about":[{"href":"https:\/\/www.europesays.com\/fr\/wp-json\/wp\/v2\/types\/post"}],"author":[{"embeddable":true,"href":"https:\/\/www.europesays.com\/fr\/wp-json\/wp\/v2\/users\/2"}],"replies":[{"embeddable":true,"href":"https:\/\/www.europesays.com\/fr\/wp-json\/wp\/v2\/comments?post=310778"}],"version-history":[{"count":0,"href":"https:\/\/www.europesays.com\/fr\/wp-json\/wp\/v2\/posts\/310778\/revisions"}],"wp:featuredmedia":[{"embeddable":true,"href":"https:\/\/www.europesays.com\/fr\/wp-json\/wp\/v2\/media\/305695"}],"wp:attachment":[{"href":"https:\/\/www.europesays.com\/fr\/wp-json\/wp\/v2\/media?parent=310778"}],"wp:term":[{"taxonomy":"category","embeddable":true,"href":"https:\/\/www.europesays.com\/fr\/wp-json\/wp\/v2\/categories?post=310778"},{"taxonomy":"post_tag","embeddable":true,"href":"https:\/\/www.europesays.com\/fr\/wp-json\/wp\/v2\/tags?post=310778"}],"curies":[{"name":"wp","href":"https:\/\/api.w.org\/{rel}","templated":true}]}}