{"id":310783,"date":"2025-08-11T03:47:11","date_gmt":"2025-08-11T03:47:11","guid":{"rendered":"https:\/\/www.europesays.com\/fr\/310783\/"},"modified":"2025-08-11T03:47:11","modified_gmt":"2025-08-11T03:47:11","slug":"meurthe-et-moselle-hebergements-animations-commerces-cet-ete-2025-semble-etre-une-bonne-annee-pour-le-tourisme","status":"publish","type":"post","link":"https:\/\/www.europesays.com\/fr\/310783\/","title":{"rendered":"Meurthe-et-Moselle. H\u00e9bergements, animations, commerces&#8230; cet \u00e9t\u00e9 2025 semble \u00eatre une bonne ann\u00e9e pour le tourisme"},"content":{"rendered":"<p>Pour lui, la tendance ne demande qu\u2019\u00e0 \u00eatre confirm\u00e9e, mais au milieu de ses bo\u00eetes de Madeleines de Liverdun, rue des Dominicains, Philippe Quach l\u2019assure\u00a0: \u00ab\u00a0Vu les premiers jours d\u2019ao\u00fbt, cela semble mieux parti que juillet, qui \u00e9tait d\u00e9j\u00e0 mieux que juin,\u00a0\u00bb note le responsable de cette boutique o\u00f9 les visiteurs estivaux ach\u00e8tent (et d\u00e9couvrent, pour certains) ce petit g\u00e2teau \u201cmade in Liverdun\u201d. Les valeurs s\u00fbres restant \u00ab\u00a0les madeleines nature, \u00e0 la bergamote, \u00e0 la mirabelle ou \u00e0 la myrtille\u00a0\u00bb.<\/p>\n<p><a href=\"https:\/\/www.estrepublicain.fr\/culture-loisirs\/2024\/12\/03\/madeleines-de-liverdun-la-boutique-du-centre-ville-enfin-ouverte\" target=\"_blank\" rel=\"noopener\">La boutique nanc\u00e9ienne ayant ouvert en d\u00e9cembre dernier<\/a> , Philippe Quash n\u2019a pas de point de rep\u00e8re, mais il a d\u00e9j\u00e0 compris les bases\u00a0: \u00ab\u00a0Le petit chariot (NDLR\u00a0: au look r\u00e9tro, qui fait office de stand de glaces) plac\u00e9 devant la vitrine, attire l\u2019\u0153il et fait entrer les touristes\u00a0\u00bb, glisse le g\u00e9rant de ce magasin fra\u00eechement arriv\u00e9 dans cette art\u00e8re pi\u00e9tonne, \u00e0 deux pas de la&#8230;<\/p>\n","protected":false},"excerpt":{"rendered":"Pour lui, la tendance ne demande qu\u2019\u00e0 \u00eatre confirm\u00e9e, mais au milieu de ses bo\u00eetes de Madeleines de&hellip;\n","protected":false},"author":2,"featured_media":310784,"comment_status":"","ping_status":"","sticky":false,"template":"","format":"standard","meta":{"footnotes":""},"categories":[9635],"tags":[1111,11,1687,1707,1704,1706,1705,1777,674,1011,27,775,1702,12,25,602],"class_list":{"0":"post-310783","1":"post","2":"type-post","3":"status-publish","4":"format-standard","5":"has-post-thumbnail","7":"category-nancy","8":"tag-actu","9":"tag-actualites","10":"tag-culture-loisirs","11":"tag-edition-luneville","12":"tag-edition-nancy-et-agglomeration","13":"tag-edition-pont-a-mousson","14":"tag-edition-toul","15":"tag-eu","16":"tag-europe","17":"tag-fr","18":"tag-france","19":"tag-grand-est","20":"tag-nancy","21":"tag-news","22":"tag-republique-francaise","23":"tag-tourisme"},"share_on_mastodon":{"url":"https:\/\/pubeurope.com\/@fr\/115008087205140275","error":""},"_links":{"self":[{"href":"https:\/\/www.europesays.com\/fr\/wp-json\/wp\/v2\/posts\/310783","targetHints":{"allow":["GET"]}}],"collection":[{"href":"https:\/\/www.europesays.com\/fr\/wp-json\/wp\/v2\/posts"}],"about":[{"href":"https:\/\/www.europesays.com\/fr\/wp-json\/wp\/v2\/types\/post"}],"author":[{"embeddable":true,"href":"https:\/\/www.europesays.com\/fr\/wp-json\/wp\/v2\/users\/2"}],"replies":[{"embeddable":true,"href":"https:\/\/www.europesays.com\/fr\/wp-json\/wp\/v2\/comments?post=310783"}],"version-history":[{"count":0,"href":"https:\/\/www.europesays.com\/fr\/wp-json\/wp\/v2\/posts\/310783\/revisions"}],"wp:featuredmedia":[{"embeddable":true,"href":"https:\/\/www.europesays.com\/fr\/wp-json\/wp\/v2\/media\/310784"}],"wp:attachment":[{"href":"https:\/\/www.europesays.com\/fr\/wp-json\/wp\/v2\/media?parent=310783"}],"wp:term":[{"taxonomy":"category","embeddable":true,"href":"https:\/\/www.europesays.com\/fr\/wp-json\/wp\/v2\/categories?post=310783"},{"taxonomy":"post_tag","embeddable":true,"href":"https:\/\/www.europesays.com\/fr\/wp-json\/wp\/v2\/tags?post=310783"}],"curies":[{"name":"wp","href":"https:\/\/api.w.org\/{rel}","templated":true}]}}