{"id":310791,"date":"2025-08-11T03:53:13","date_gmt":"2025-08-11T03:53:13","guid":{"rendered":"https:\/\/www.europesays.com\/fr\/310791\/"},"modified":"2025-08-11T03:53:13","modified_gmt":"2025-08-11T03:53:13","slug":"a-montpellier-le-musee-fabre-celebre-lobscure-lumiere-de-pierre-soulages","status":"publish","type":"post","link":"https:\/\/www.europesays.com\/fr\/310791\/","title":{"rendered":"\u00c0 Montpellier, le Mus\u00e9e Fabre c\u00e9l\u00e8bre l\u2019obscure lumi\u00e8re de Pierre Soulages"},"content":{"rendered":"<p>Montpellier (H\u00e9rault), envoy\u00e9 sp\u00e9cial.<\/p>\n<p>On a beau penser conna\u00eetre son \u0153uvre c\u2019est toujours un \u00e9merveillement. Le mot n\u2019est pas trop fort. Il sonne juste d\u2019\u00e9carquillement d\u2019yeux, d\u2019agr\u00e9able stupeur, de fascination. \u00ab\u00a0Pierre Soulages. La rencontre\u00a0\u00bb, que propose le mus\u00e9e Fabre de Montpellier, d\u00e9positaire d\u2019une importante donation <a href=\"https:\/\/www.humanite.fr\/culture-et-savoir\/pierre-soulages\/la-mort-de-pierre-soulages-loeuvre-au-noir-dun-peintre-francais-768928\" rel=\"nofollow noopener\" target=\"_blank\">du peintre disparu en 2022,<\/a> semble un \u00e9change informel. <\/p>\n<p>Une mani\u00e8re d\u2019honorer tout \u00e0 la fois un parcours cr\u00e9atif, une fid\u00e9lit\u00e9 et une continuit\u00e9. La \u00ab\u00a0rencontre\u00a0\u00bb du th\u00e8me \u00e9voque un tableau de Courbet des&#8230;<\/p>\n","protected":false},"excerpt":{"rendered":"Montpellier (H\u00e9rault), envoy\u00e9 sp\u00e9cial. On a beau penser conna\u00eetre son \u0153uvre c\u2019est toujours un \u00e9merveillement. Le mot n\u2019est&hellip;\n","protected":false},"author":2,"featured_media":310792,"comment_status":"","ping_status":"","sticky":false,"template":"","format":"standard","meta":{"footnotes":""},"categories":[9599],"tags":[1111,11,1777,674,1349,1011,27,2208,12,2680,45084,25],"class_list":{"0":"post-310791","1":"post","2":"type-post","3":"status-publish","4":"format-standard","5":"has-post-thumbnail","7":"category-montpellier","8":"tag-actu","9":"tag-actualites","10":"tag-eu","11":"tag-europe","12":"tag-expositions","13":"tag-fr","14":"tag-france","15":"tag-montpellier","16":"tag-news","17":"tag-occitanie","18":"tag-pierre-soulages","19":"tag-republique-francaise"},"share_on_mastodon":{"url":"https:\/\/pubeurope.com\/@fr\/115008110792583642","error":""},"_links":{"self":[{"href":"https:\/\/www.europesays.com\/fr\/wp-json\/wp\/v2\/posts\/310791","targetHints":{"allow":["GET"]}}],"collection":[{"href":"https:\/\/www.europesays.com\/fr\/wp-json\/wp\/v2\/posts"}],"about":[{"href":"https:\/\/www.europesays.com\/fr\/wp-json\/wp\/v2\/types\/post"}],"author":[{"embeddable":true,"href":"https:\/\/www.europesays.com\/fr\/wp-json\/wp\/v2\/users\/2"}],"replies":[{"embeddable":true,"href":"https:\/\/www.europesays.com\/fr\/wp-json\/wp\/v2\/comments?post=310791"}],"version-history":[{"count":0,"href":"https:\/\/www.europesays.com\/fr\/wp-json\/wp\/v2\/posts\/310791\/revisions"}],"wp:featuredmedia":[{"embeddable":true,"href":"https:\/\/www.europesays.com\/fr\/wp-json\/wp\/v2\/media\/310792"}],"wp:attachment":[{"href":"https:\/\/www.europesays.com\/fr\/wp-json\/wp\/v2\/media?parent=310791"}],"wp:term":[{"taxonomy":"category","embeddable":true,"href":"https:\/\/www.europesays.com\/fr\/wp-json\/wp\/v2\/categories?post=310791"},{"taxonomy":"post_tag","embeddable":true,"href":"https:\/\/www.europesays.com\/fr\/wp-json\/wp\/v2\/tags?post=310791"}],"curies":[{"name":"wp","href":"https:\/\/api.w.org\/{rel}","templated":true}]}}